{"id":17288,"date":"2016-04-27T00:05:15","date_gmt":"2016-04-26T22:05:15","guid":{"rendered":"http:\/\/blog.laveredadepuebla.com\/?p=17288"},"modified":"2023-02-10T12:13:59","modified_gmt":"2023-02-10T12:13:59","slug":"porches-en-la-sierra-norte","status":"publish","type":"post","link":"https:\/\/blog.sierranortedeguadalajara.com\/?p=17288","title":{"rendered":"Porches en la Sierra Norte"},"content":{"rendered":"<p>En la Edad Media era habitual que las iglesias tuvieran <a href=\"https:\/\/es.wikipedia.org\/wiki\/P%C3%B3rtico\"><strong><em>p\u00f3rtico<\/em><\/strong>.<\/a> Su funci\u00f3n era doble; por un lado proteg\u00edan a los feligreses y por otro acog\u00edan las reuniones del Concejo. De ah\u00ed que dispongan de muretes <em>(donde se apoyan las columnas)<\/em> y poyetes para sentarse. Un p\u00f3rtico peque\u00f1o, adosado a una casa, es lo que conocemos como<span style=\"color:#800000;\"> <strong>\u201cporche\u201d.<\/strong><\/span><\/p>\n<p>Dado el <span style=\"color:#800000;\"><strong>origen medieval de nuestros pueblos<\/strong>,<\/span> casi todas las <a href=\"https:\/\/blog.laveredadepuebla.com\/2009\/12\/13\/la-iglesia-de-tamajon\/\"><strong><em>iglesias serranas<\/em> <\/strong><\/a>ten\u00edan <a href=\"https:\/\/blog.laveredadepuebla.com\/2010\/10\/18\/la-iglesia-romanica-de%C2%A0belena\/\"><strong><em>p\u00f3rtico<\/em><\/strong><\/a>. Sin embargo <span style=\"color:#800000;\"><strong>no abundaban las casas con porche<\/strong>,<\/span> por el clima, y siempre eran de peque\u00f1o tama\u00f1o. Los viejos porches de madera est\u00e1n centrados sobre la puerta de entrada, con poyetes y puertas laterales a la le\u00f1era y\/o un peque\u00f1o almac\u00e9n <a href=\"https:\/\/blog.laveredadepuebla.com\/2016\/04\/18\/los-pueblos-de-la-arquitectura-dorada\/\"><em><strong>(pueblos dorados)<\/strong><\/em><\/a>. Los de nueva construcci\u00f3n son mayores y tienen otras funciones.<\/p>\n<p><span style=\"color:#993300;\"><strong><img loading=\"lazy\" decoding=\"async\" class=\"alignright size-medium wp-image-17290\" src=\"https:\/\/blog.sierranortedeguadalajara.com\/wp-content\/uploads\/2023\/02\/160427-porche.jpg\" alt=\"160427 porche\" width=\"300\" height=\"225\" \/>\u00bf<span style=\"color:#800000;\">Qu\u00e9 se puede hacer en un porche?<\/span><\/strong> <\/span>Por lo que se refiere a <a href=\"http:\/\/www.laveredadepuebla.com\"><strong><em>nuestra casa<\/em><\/strong><\/a>, <span style=\"text-decoration:underline;\"><strong>barbacoa<\/strong><\/span> <em>(sin riesgo de incendio)<\/em>, <span style=\"text-decoration:underline;\"><strong>paella<\/strong> <\/span>(<em>con paellera el\u00e9ctrica)<\/em>, <span style=\"text-decoration:underline;\"><strong>verduras y pescado a la plancha<\/strong><\/span>.<span style=\"color:#800000;\"> El mobiliario permite que desayuno, comida y cena puedan degustarse al aire libre, disfrutando de unas vistas espectaculares.<\/span><\/p>\n<p><span style=\"color:#800000;\"><em>Tomar el sol, la tertulia, el canto de los p\u00e1jaros y el paso del tiempo sin m\u00e1s<\/em>,<\/span> son otros alicientes de este peculiar porche, que en nada se parece a los de anta\u00f1o, pero que cumple una funci\u00f3n muy social.<\/p>\n<p><em><strong>Lar-ami<\/strong><\/em><\/p>\n","protected":false},"excerpt":{"rendered":"<p>En la Edad Media era habitual que las iglesias tuvieran p\u00f3rtico. Su funci\u00f3n era doble; por un lado proteg\u00edan a los feligreses y por otro acog\u00edan las reuniones del Concejo. De ah\u00ed que dispongan de muretes (donde se apoyan las columnas) y poyetes para sentarse. Un p\u00f3rtico peque\u00f1o, adosado a una casa, es lo que &hellip; <\/p>\n<p class=\"link-more\"><a href=\"https:\/\/blog.sierranortedeguadalajara.com\/?p=17288\" class=\"more-link\">Seguir leyendo<span class=\"screen-reader-text\"> \u00abPorches en la Sierra Norte\u00bb<\/span><\/a><\/p>\n","protected":false},"author":1,"featured_media":0,"comment_status":"open","ping_status":"open","sticky":false,"template":"","format":"standard","meta":{"footnotes":""},"categories":[12,9],"tags":[2,100,4,5,7,10],"class_list":["post-17288","post","type-post","status-publish","format-standard","hentry","category-actualidad","category-rincones-de-la-sierra-norte","tag-actualidad","tag-costumbres-y-tradiciones","tag-cultura","tag-historia","tag-naturaleza","tag-sierra-norte","entry"],"_links":{"self":[{"href":"https:\/\/blog.sierranortedeguadalajara.com\/index.php?rest_route=\/wp\/v2\/posts\/17288","targetHints":{"allow":["GET"]}}],"collection":[{"href":"https:\/\/blog.sierranortedeguadalajara.com\/index.php?rest_route=\/wp\/v2\/posts"}],"about":[{"href":"https:\/\/blog.sierranortedeguadalajara.com\/index.php?rest_route=\/wp\/v2\/types\/post"}],"author":[{"embeddable":true,"href":"https:\/\/blog.sierranortedeguadalajara.com\/index.php?rest_route=\/wp\/v2\/users\/1"}],"replies":[{"embeddable":true,"href":"https:\/\/blog.sierranortedeguadalajara.com\/index.php?rest_route=%2Fwp%2Fv2%2Fcomments&post=17288"}],"version-history":[{"count":1,"href":"https:\/\/blog.sierranortedeguadalajara.com\/index.php?rest_route=\/wp\/v2\/posts\/17288\/revisions"}],"predecessor-version":[{"id":27283,"href":"https:\/\/blog.sierranortedeguadalajara.com\/index.php?rest_route=\/wp\/v2\/posts\/17288\/revisions\/27283"}],"wp:attachment":[{"href":"https:\/\/blog.sierranortedeguadalajara.com\/index.php?rest_route=%2Fwp%2Fv2%2Fmedia&parent=17288"}],"wp:term":[{"taxonomy":"category","embeddable":true,"href":"https:\/\/blog.sierranortedeguadalajara.com\/index.php?rest_route=%2Fwp%2Fv2%2Fcategories&post=17288"},{"taxonomy":"post_tag","embeddable":true,"href":"https:\/\/blog.sierranortedeguadalajara.com\/index.php?rest_route=%2Fwp%2Fv2%2Ftags&post=17288"}],"curies":[{"name":"wp","href":"https:\/\/api.w.org\/{rel}","templated":true}]}}