{"id":17234,"date":"2016-04-22T00:05:11","date_gmt":"2016-04-21T22:05:11","guid":{"rendered":"http:\/\/blog.laveredadepuebla.com\/?p=17234"},"modified":"2023-02-10T12:14:01","modified_gmt":"2023-02-10T12:14:01","slug":"los-restos-del-invierno","status":"publish","type":"post","link":"https:\/\/blog.sierranortedeguadalajara.com\/?p=17234","title":{"rendered":"Los restos del invierno"},"content":{"rendered":"<figure id=\"attachment_17235\" aria-describedby=\"caption-attachment-17235\" style=\"width: 230px\" class=\"wp-caption alignright\"><img loading=\"lazy\" decoding=\"async\" class=\"wp-image-17235\" src=\"https:\/\/blog.sierranortedeguadalajara.com\/wp-content\/uploads\/2023\/02\/160422-restos-1.jpg\" alt=\"160422 restos 1\" width=\"230\" height=\"173\" \/><figcaption id=\"caption-attachment-17235\" class=\"wp-caption-text\"><em>R\u00edo Jarama<\/em><\/figcaption><\/figure>\n<figure id=\"attachment_17236\" aria-describedby=\"caption-attachment-17236\" style=\"width: 230px\" class=\"wp-caption alignleft\"><img loading=\"lazy\" decoding=\"async\" class=\"wp-image-17236\" src=\"https:\/\/blog.sierranortedeguadalajara.com\/wp-content\/uploads\/2023\/02\/160422-restos-2.jpg\" alt=\"160422 restos 2\" width=\"230\" height=\"173\" \/><figcaption id=\"caption-attachment-17236\" class=\"wp-caption-text\"><em>Peral<\/em><\/figcaption><\/figure>\n<figure id=\"attachment_17239\" aria-describedby=\"caption-attachment-17239\" style=\"width: 500px\" class=\"wp-caption aligncenter\"><img loading=\"lazy\" decoding=\"async\" class=\"wp-image-17239 size-large\" src=\"https:\/\/blog.sierranortedeguadalajara.com\/wp-content\/uploads\/2023\/02\/160422-restos-3.jpg\" alt=\"160422 restos 3\" width=\"500\" height=\"375\" \/><figcaption id=\"caption-attachment-17239\" class=\"wp-caption-text\"><em>El roble de la chopera<\/em><\/figcaption><\/figure>\n<p>Aunque ya es historia, conviene recordar como fue el invierno pasado: <strong><span style=\"color:#800000;\">seco, con altas temperaturas y escasas lluvias <\/span><\/strong><em><span style=\"color:#800000;\">(afortunadamente la primavera lo est\u00e1 enmendando)<\/span><\/em><strong><span style=\"color:#800000;\">. <\/span><\/strong>La naturaleza en la<a href=\"http:\/\/blog.laveredadepuebla.com\/2011\/04\/01\/parque-natural-sierra-norte-de-guadalajara\/\"><strong><em> Sierra Norte<\/em><\/strong><\/a> lo not\u00f3, pero sigui\u00f3 tan hermosa como siempre. Las im\u00e1genes no mienten.<\/p>\n<p><strong><em>Lar-ami<\/em><\/strong><\/p>\n","protected":false},"excerpt":{"rendered":"<p>Aunque ya es historia, conviene recordar como fue el invierno pasado: seco, con altas temperaturas y escasas lluvias (afortunadamente la primavera lo est\u00e1 enmendando). La naturaleza en la Sierra Norte lo not\u00f3, pero sigui\u00f3 tan hermosa como siempre. Las im\u00e1genes no mienten. Lar-ami<\/p>\n","protected":false},"author":1,"featured_media":0,"comment_status":"open","ping_status":"open","sticky":false,"template":"","format":"standard","meta":{"footnotes":""},"categories":[12,17,9],"tags":[2,4,7,10],"class_list":["post-17234","post","type-post","status-publish","format-standard","hentry","category-actualidad","category-paisajes-y-lugares-de-la-sierra-norte","category-rincones-de-la-sierra-norte","tag-actualidad","tag-cultura","tag-naturaleza","tag-sierra-norte","entry"],"_links":{"self":[{"href":"https:\/\/blog.sierranortedeguadalajara.com\/index.php?rest_route=\/wp\/v2\/posts\/17234","targetHints":{"allow":["GET"]}}],"collection":[{"href":"https:\/\/blog.sierranortedeguadalajara.com\/index.php?rest_route=\/wp\/v2\/posts"}],"about":[{"href":"https:\/\/blog.sierranortedeguadalajara.com\/index.php?rest_route=\/wp\/v2\/types\/post"}],"author":[{"embeddable":true,"href":"https:\/\/blog.sierranortedeguadalajara.com\/index.php?rest_route=\/wp\/v2\/users\/1"}],"replies":[{"embeddable":true,"href":"https:\/\/blog.sierranortedeguadalajara.com\/index.php?rest_route=%2Fwp%2Fv2%2Fcomments&post=17234"}],"version-history":[{"count":1,"href":"https:\/\/blog.sierranortedeguadalajara.com\/index.php?rest_route=\/wp\/v2\/posts\/17234\/revisions"}],"predecessor-version":[{"id":27294,"href":"https:\/\/blog.sierranortedeguadalajara.com\/index.php?rest_route=\/wp\/v2\/posts\/17234\/revisions\/27294"}],"wp:attachment":[{"href":"https:\/\/blog.sierranortedeguadalajara.com\/index.php?rest_route=%2Fwp%2Fv2%2Fmedia&parent=17234"}],"wp:term":[{"taxonomy":"category","embeddable":true,"href":"https:\/\/blog.sierranortedeguadalajara.com\/index.php?rest_route=%2Fwp%2Fv2%2Fcategories&post=17234"},{"taxonomy":"post_tag","embeddable":true,"href":"https:\/\/blog.sierranortedeguadalajara.com\/index.php?rest_route=%2Fwp%2Fv2%2Ftags&post=17234"}],"curies":[{"name":"wp","href":"https:\/\/api.w.org\/{rel}","templated":true}]}}