{"id":17232,"date":"2016-04-19T00:05:48","date_gmt":"2016-04-18T22:05:48","guid":{"rendered":"http:\/\/blog.laveredadepuebla.com\/?p=17232"},"modified":"2023-02-10T12:14:03","modified_gmt":"2023-02-10T12:14:03","slug":"la-conquista-de-la-sierra-norte-numancia-y-la-celtiberia","status":"publish","type":"post","link":"https:\/\/blog.sierranortedeguadalajara.com\/?p=17232","title":{"rendered":"La conquista de la Sierra Norte, Numancia y la Celtiberia"},"content":{"rendered":"<p>Con la ca\u00edda de Numancia en el a\u00f1o 133 a.c. culmin\u00f3 la conquista de <a href=\"http:\/\/www.celtiberica.es\/\"><em><strong>Celtiberia<\/strong><\/em><\/a> y su integraci\u00f3n en la Hispania romana, <a href=\"https:\/\/blog.laveredadepuebla.com\/2016\/03\/14\/los-origenes-de-la-celtiberia\/\"><em><strong>tras 5 siglos de Historia<\/strong><\/em><\/a>. Un video de animaci\u00f3n, con gran rigor hist\u00f3rico y realizado por <a href=\"http:\/\/www.artehistoria.com\/\"><em><strong>Artehistoria<\/strong><\/em><\/a>, nos lo cuenta en poco m\u00e1s de 13 minutos.<\/p>\n<p><iframe loading=\"lazy\" title=\"Numancia (HD), impactante documental educativo de animaci\u00f3n 3D\" width=\"640\" height=\"360\" src=\"https:\/\/www.youtube.com\/embed\/I3z_SZbw1_4?feature=oembed\" frameborder=\"0\" allow=\"accelerometer; autoplay; clipboard-write; encrypted-media; gyroscope; picture-in-picture; web-share\" referrerpolicy=\"strict-origin-when-cross-origin\" allowfullscreen><\/iframe><\/p>\n<p>Los celt\u00edberos nos dejaron testimonios de su grandeza: <a href=\"https:\/\/blog.laveredadepuebla.com\/2016\/03\/21\/el-lenguaje-de-la-celtiberia\/\"><em><strong>palabras de su lengua<\/strong><\/em><\/a>, <a href=\"https:\/\/blog.laveredadepuebla.com\/2016\/03\/28\/como-vivian-los-celtiberos\/\"><strong><em>costumbres<\/em> <\/strong><\/a>y el <a href=\"https:\/\/blog.laveredadepuebla.com\/2015\/12\/30\/fin-de-ano-el-31-diciembre-por-que\/\"><em><strong>comienzo de a\u00f1o el 1 de enero<\/strong><\/em><\/a>. La <a href=\"http:\/\/blog.laveredadepuebla.com\/2011\/04\/01\/parque-natural-sierra-norte-de-guadalajara\/\"><em><strong>Sierra Norte<\/strong><\/em><\/a> y los serranos nos sentimos orgullosos.<\/p>\n<p><em><strong>Lar-ami<\/strong><\/em><\/p>\n","protected":false},"excerpt":{"rendered":"<p>Con la ca\u00edda de Numancia en el a\u00f1o 133 a.c. culmin\u00f3 la conquista de Celtiberia y su integraci\u00f3n en la Hispania romana, tras 5 siglos de Historia. Un video de animaci\u00f3n, con gran rigor hist\u00f3rico y realizado por Artehistoria, nos lo cuenta en poco m\u00e1s de 13 minutos. Los celt\u00edberos nos dejaron testimonios de su &hellip; <\/p>\n<p class=\"link-more\"><a href=\"https:\/\/blog.sierranortedeguadalajara.com\/?p=17232\" class=\"more-link\">Seguir leyendo<span class=\"screen-reader-text\"> \u00abLa conquista de la Sierra Norte, Numancia y la Celtiberia\u00bb<\/span><\/a><\/p>\n","protected":false},"author":1,"featured_media":0,"comment_status":"open","ping_status":"open","sticky":false,"template":"","format":"standard","meta":{"footnotes":""},"categories":[12,17,15],"tags":[2,100,4,5,10],"class_list":["post-17232","post","type-post","status-publish","format-standard","hentry","category-actualidad","category-paisajes-y-lugares-de-la-sierra-norte","category-rincones-de-guadalajara","tag-actualidad","tag-costumbres-y-tradiciones","tag-cultura","tag-historia","tag-sierra-norte","entry"],"_links":{"self":[{"href":"https:\/\/blog.sierranortedeguadalajara.com\/index.php?rest_route=\/wp\/v2\/posts\/17232","targetHints":{"allow":["GET"]}}],"collection":[{"href":"https:\/\/blog.sierranortedeguadalajara.com\/index.php?rest_route=\/wp\/v2\/posts"}],"about":[{"href":"https:\/\/blog.sierranortedeguadalajara.com\/index.php?rest_route=\/wp\/v2\/types\/post"}],"author":[{"embeddable":true,"href":"https:\/\/blog.sierranortedeguadalajara.com\/index.php?rest_route=\/wp\/v2\/users\/1"}],"replies":[{"embeddable":true,"href":"https:\/\/blog.sierranortedeguadalajara.com\/index.php?rest_route=%2Fwp%2Fv2%2Fcomments&post=17232"}],"version-history":[{"count":1,"href":"https:\/\/blog.sierranortedeguadalajara.com\/index.php?rest_route=\/wp\/v2\/posts\/17232\/revisions"}],"predecessor-version":[{"id":27300,"href":"https:\/\/blog.sierranortedeguadalajara.com\/index.php?rest_route=\/wp\/v2\/posts\/17232\/revisions\/27300"}],"wp:attachment":[{"href":"https:\/\/blog.sierranortedeguadalajara.com\/index.php?rest_route=%2Fwp%2Fv2%2Fmedia&parent=17232"}],"wp:term":[{"taxonomy":"category","embeddable":true,"href":"https:\/\/blog.sierranortedeguadalajara.com\/index.php?rest_route=%2Fwp%2Fv2%2Fcategories&post=17232"},{"taxonomy":"post_tag","embeddable":true,"href":"https:\/\/blog.sierranortedeguadalajara.com\/index.php?rest_route=%2Fwp%2Fv2%2Ftags&post=17232"}],"curies":[{"name":"wp","href":"https:\/\/api.w.org\/{rel}","templated":true}]}}