{"id":17221,"date":"2016-04-14T00:05:54","date_gmt":"2016-04-13T22:05:54","guid":{"rendered":"http:\/\/blog.laveredadepuebla.com\/?p=17221"},"modified":"2023-02-10T12:14:06","modified_gmt":"2023-02-10T12:14:06","slug":"artesanos-de-tamajon-en-la-edad-moderna","status":"publish","type":"post","link":"https:\/\/blog.sierranortedeguadalajara.com\/?p=17221","title":{"rendered":"Artesanos de Tamaj\u00f3n en la Edad Moderna"},"content":{"rendered":"<p>La pujanza de <a href=\"http:\/\/blog.laveredadepuebla.com\/2015\/07\/03\/tamajon-un-trazado-urbano-peculiar\/\"><em><strong>esta villa<\/strong> <\/em><\/a>en los siglos XVI-XVIII, impulsada por la iglesia y los Mendoza, se reconoce en sus artesanos, por n\u00famero y calidad. <a href=\"http:\/\/www.aache.com\/alcarrians\/garcia_lopez.htm\"><strong><em>D. Aurelio Garc\u00eda L\u00f3pez<\/em> <\/strong><\/a>en su libro <span style=\"color:#800000;\"><strong>\u201cTamaj\u00f3n en la Edad Moderna\u201d<\/strong> <\/span>incluye una relaci\u00f3n de ellos, con algunos detalles de su obra.<\/p>\n<p><em><strong><img loading=\"lazy\" decoding=\"async\" class=\"alignright wp-image-17224\" src=\"https:\/\/blog.sierranortedeguadalajara.com\/wp-content\/uploads\/2023\/02\/160414-artesanos-1.jpg\" alt=\"160414 artesanos 1\" width=\"240\" height=\"180\" \/><a href=\"https:\/\/blog.laveredadepuebla.com\/2012\/07\/31\/la-piedra-de-tamajon\/\">La piedra de Tamaj\u00f3n<\/a><\/strong> <\/em>y sus artesanos fueron utilizados en las iglesias de pueblos vecinos. La <a href=\"https:\/\/blog.laveredadepuebla.com\/2014\/06\/25\/la-iglesia-de-la-mierla\/\"><strong><em>iglesia de La Mierla<\/em><\/strong><\/a> fue restaurada en 1.703 al <span style=\"color:#800000;\"><strong>maestro Domingo Palazuelos<\/strong><\/span>, que arregl\u00f3 el tejado y el p\u00f3rtico, al que a\u00f1adi\u00f3 dos columnas con capiteles toscanos, con zapatas de madera realizadas por el <span style=\"color:#800000;\"><strong>maestro carpintero Gregorio de la Vega<\/strong> <\/span>que tambi\u00e9n repar\u00f3 la armadura de la capilla mayor.<\/p>\n<p><a href=\"https:\/\/blog.laveredadepuebla.com\/2011\/12\/09\/curiosidades-de-muriel\/\"><em><strong>La iglesia de Muriel<\/strong><\/em> <\/a>se encarg\u00f3 el 20 abril de 1.739 al <span style=\"color:#800000;\"><strong>maestro Alonso Moreno<\/strong> <\/span>por 5.000 reales y plazo de ejecuci\u00f3n un a\u00f1o. De una sola nave y peque\u00f1o tama\u00f1o, con muros de mamposter\u00eda y sillares de piedra, cubierta de b\u00f3veda de ca\u00f1\u00f3n sin c\u00fapula ni crucero.<\/p>\n<p><span style=\"color:#800000;\"><strong><img loading=\"lazy\" decoding=\"async\" class=\"alignleft wp-image-17225\" src=\"https:\/\/blog.sierranortedeguadalajara.com\/wp-content\/uploads\/2023\/02\/160414-artesanos-2.jpg\" alt=\"160414 artesanos 2\" width=\"240\" height=\"180\" \/>Andr\u00e9s Quintana,<\/strong><\/span> maestro escultor, realiz\u00f3 en 1.735 la grader\u00eda, sagrario y armaz\u00f3n del altar mayor del<span style=\"color:#800000;\"><strong> Convento bernardo de Guadalajara<\/strong><\/span> por 9.000 reales. A\u00f1os despu\u00e9s hizo el retablo y el trono de los Enebrales, que fue dorado por el maestro <span style=\"color:#800000;\"><strong>Juan Antonio Ruiz Cabanzo<\/strong> <\/span>quien antes hab\u00eda actuado en la <em><strong><a href=\"https:\/\/blog.laveredadepuebla.com\/2009\/12\/13\/la-iglesia-de-tamajon\/\">iglesia de Tamaj\u00f3n<\/a><\/strong><\/em>. Otro Quintana, hizo a\u00f1os despu\u00e9s trabajos de carpinter\u00eda en la <a href=\"https:\/\/blog.laveredadepuebla.com\/2011\/02\/07\/la-ermita-de-los-enebrales\/\"><em><strong>ermita de los Enebrales<\/strong><\/em><\/a> y en <em><strong><a href=\"https:\/\/blog.laveredadepuebla.com\/2009\/11\/10\/iglesia-de-santa-maria-del-vado\/\">Santa Maria del Vado.<\/a><\/strong><\/em><\/p>\n<p>Otros artesanos de Tamaj\u00f3n son el <span style=\"color:#800000;\"><strong>maestro orfebre Francisco P\u00e9rez<\/strong><\/span> (1.569) que realizo c\u00e1liz, sobrecopa y viril para El Vado y el <span style=\"color:#800000;\"><strong>maestro campanero Juan Lozano<\/strong> <\/span>(1.603).<\/p>\n<p><em><strong>Lar-ami<\/strong><\/em><\/p>\n","protected":false},"excerpt":{"rendered":"<p>La pujanza de esta villa en los siglos XVI-XVIII, impulsada por la iglesia y los Mendoza, se reconoce en sus artesanos, por n\u00famero y calidad. D. Aurelio Garc\u00eda L\u00f3pez en su libro \u201cTamaj\u00f3n en la Edad Moderna\u201d incluye una relaci\u00f3n de ellos, con algunos detalles de su obra. La piedra de Tamaj\u00f3n y sus artesanos &hellip; <\/p>\n<p class=\"link-more\"><a href=\"https:\/\/blog.sierranortedeguadalajara.com\/?p=17221\" class=\"more-link\">Seguir leyendo<span class=\"screen-reader-text\"> \u00abArtesanos de Tamaj\u00f3n en la Edad Moderna\u00bb<\/span><\/a><\/p>\n","protected":false},"author":1,"featured_media":0,"comment_status":"open","ping_status":"open","sticky":false,"template":"","format":"standard","meta":{"footnotes":""},"categories":[17,9],"tags":[2,4,5,11,21],"class_list":["post-17221","post","type-post","status-publish","format-standard","hentry","category-paisajes-y-lugares-de-la-sierra-norte","category-rincones-de-la-sierra-norte","tag-actualidad","tag-cultura","tag-historia","tag-siglo-xviii","tag-tamajon","entry"],"_links":{"self":[{"href":"https:\/\/blog.sierranortedeguadalajara.com\/index.php?rest_route=\/wp\/v2\/posts\/17221","targetHints":{"allow":["GET"]}}],"collection":[{"href":"https:\/\/blog.sierranortedeguadalajara.com\/index.php?rest_route=\/wp\/v2\/posts"}],"about":[{"href":"https:\/\/blog.sierranortedeguadalajara.com\/index.php?rest_route=\/wp\/v2\/types\/post"}],"author":[{"embeddable":true,"href":"https:\/\/blog.sierranortedeguadalajara.com\/index.php?rest_route=\/wp\/v2\/users\/1"}],"replies":[{"embeddable":true,"href":"https:\/\/blog.sierranortedeguadalajara.com\/index.php?rest_route=%2Fwp%2Fv2%2Fcomments&post=17221"}],"version-history":[{"count":1,"href":"https:\/\/blog.sierranortedeguadalajara.com\/index.php?rest_route=\/wp\/v2\/posts\/17221\/revisions"}],"predecessor-version":[{"id":27309,"href":"https:\/\/blog.sierranortedeguadalajara.com\/index.php?rest_route=\/wp\/v2\/posts\/17221\/revisions\/27309"}],"wp:attachment":[{"href":"https:\/\/blog.sierranortedeguadalajara.com\/index.php?rest_route=%2Fwp%2Fv2%2Fmedia&parent=17221"}],"wp:term":[{"taxonomy":"category","embeddable":true,"href":"https:\/\/blog.sierranortedeguadalajara.com\/index.php?rest_route=%2Fwp%2Fv2%2Fcategories&post=17221"},{"taxonomy":"post_tag","embeddable":true,"href":"https:\/\/blog.sierranortedeguadalajara.com\/index.php?rest_route=%2Fwp%2Fv2%2Ftags&post=17221"}],"curies":[{"name":"wp","href":"https:\/\/api.w.org\/{rel}","templated":true}]}}