{"id":17206,"date":"2016-04-12T00:05:04","date_gmt":"2016-04-11T22:05:04","guid":{"rendered":"http:\/\/blog.laveredadepuebla.com\/?p=17206"},"modified":"2023-02-10T12:14:07","modified_gmt":"2023-02-10T12:14:07","slug":"canorafting-en-el-jarama","status":"publish","type":"post","link":"https:\/\/blog.sierranortedeguadalajara.com\/?p=17206","title":{"rendered":"Canorafting en el Jarama"},"content":{"rendered":"<p>Cuando el pasado 2 de abril se anunci\u00f3 el descenso del <a href=\"https:\/\/blog.laveredadepuebla.com\/2009\/08\/27\/rio-jarama\/\"><strong><em>Jarama<\/em><\/strong><\/a>\u00a0 en las redes sociales <a href=\"https:\/\/www.facebook.com\/enaltotajo\/media_set?set=a.1244227892271201.1073742099.100000520057680&amp;type=3&amp;pnref=story\"><strong><em>(Canorafting)<\/em><\/strong><\/a>, surgieron voces preocupadas por el impacto en este entorno privilegiado de la <a href=\"http:\/\/blog.laveredadepuebla.com\/2011\/04\/01\/parque-natural-sierra-norte-de-guadalajara\/\"><em><strong>Sierra Norte<\/strong><\/em><\/a>, declarado <a href=\"https:\/\/blog.laveredadepuebla.com\/2016\/02\/09\/reservas-fluviales-de-la-sierra-norte-de-guadalajara\/\"><em><strong>reserva fluvial<\/strong><\/em><\/a>. Pero est\u00e1 muy controlado por las caracter\u00edsticas de esta actividad:<\/p>\n<p>\u2022 Muy deportiva, para gente preparada y muy dispuesta a disfrutarla; grupos reducidos, m\u00e1ximo 8 personas con dos gu\u00edas especializados<br \/>\n\u2022 Un tramo de 3,5 kms, con entrada y salida desde lugares apropiados para ello. Recorrido asegurado y sin riesgo, con m\u00faltiples zonas de escape.<br \/>\n\u2022 Se realizar\u00e1 en periodo de deshielo y con agua abundante <em>(abril y mayo)<\/em>. Cuenta con todos los permisos y seguros necesarios.<\/p>\n<p><img loading=\"lazy\" decoding=\"async\" class=\"alignright size-medium wp-image-17210\" src=\"https:\/\/blog.sierranortedeguadalajara.com\/wp-content\/uploads\/2023\/02\/160412-descenso-jarama.jpg\" alt=\"160412 descenso Jarama\" width=\"300\" height=\"225\" \/>Esta actividad l\u00fadica ya se estuvo realizando en el mismo lugar desde 1.998 a 2.003, por el mismo promotor. En base a su experiencia, se han despreciado tramos m\u00e1s largos y espectaculares, por ser de alto riesgo y sin v\u00edas de escape en caso de accidente.<\/p>\n<p>Conviene recordar que el descenso est\u00e1 autorizado solo en este tramo. Aunque <a href=\"https:\/\/blog.laveredadepuebla.com\/2011\/05\/12\/piraguas-en-el-jarama\/\"><em><strong>alguna vez<\/strong> <\/em><\/a>se ha bajado hasta el <a href=\"https:\/\/blog.laveredadepuebla.com\/2015\/09\/21\/el-puente-de-los-trillos\/\"><em><strong>puente de los Trillos<\/strong><\/em><\/a>, est\u00e1 prohibido y es muy peligroso, por abrupto y carecer de v\u00edas de escape. Pero siempre nos quedar\u00e1n <a href=\"https:\/\/blog.laveredadepuebla.com\/2015\/07\/07\/piraguismo-en-el-vado\/\"><em><strong>las piraguas de El Vado<\/strong><\/em><\/a>.<\/p>\n<p><em><strong>Lar-ami<\/strong><\/em><\/p>\n","protected":false},"excerpt":{"rendered":"<p>Cuando el pasado 2 de abril se anunci\u00f3 el descenso del Jarama\u00a0 en las redes sociales (Canorafting), surgieron voces preocupadas por el impacto en este entorno privilegiado de la Sierra Norte, declarado reserva fluvial. Pero est\u00e1 muy controlado por las caracter\u00edsticas de esta actividad: \u2022 Muy deportiva, para gente preparada y muy dispuesta a disfrutarla; &hellip; <\/p>\n<p class=\"link-more\"><a href=\"https:\/\/blog.sierranortedeguadalajara.com\/?p=17206\" class=\"more-link\">Seguir leyendo<span class=\"screen-reader-text\"> \u00abCanorafting en el Jarama\u00bb<\/span><\/a><\/p>\n","protected":false},"author":1,"featured_media":0,"comment_status":"open","ping_status":"open","sticky":false,"template":"","format":"standard","meta":{"footnotes":""},"categories":[12,17],"tags":[2,4,103,26,35,7,10],"class_list":["post-17206","post","type-post","status-publish","format-standard","hentry","category-actualidad","category-paisajes-y-lugares-de-la-sierra-norte","tag-actualidad","tag-cultura","tag-deporte","tag-el-vado","tag-jarama","tag-naturaleza","tag-sierra-norte","entry"],"_links":{"self":[{"href":"https:\/\/blog.sierranortedeguadalajara.com\/index.php?rest_route=\/wp\/v2\/posts\/17206","targetHints":{"allow":["GET"]}}],"collection":[{"href":"https:\/\/blog.sierranortedeguadalajara.com\/index.php?rest_route=\/wp\/v2\/posts"}],"about":[{"href":"https:\/\/blog.sierranortedeguadalajara.com\/index.php?rest_route=\/wp\/v2\/types\/post"}],"author":[{"embeddable":true,"href":"https:\/\/blog.sierranortedeguadalajara.com\/index.php?rest_route=\/wp\/v2\/users\/1"}],"replies":[{"embeddable":true,"href":"https:\/\/blog.sierranortedeguadalajara.com\/index.php?rest_route=%2Fwp%2Fv2%2Fcomments&post=17206"}],"version-history":[{"count":1,"href":"https:\/\/blog.sierranortedeguadalajara.com\/index.php?rest_route=\/wp\/v2\/posts\/17206\/revisions"}],"predecessor-version":[{"id":27315,"href":"https:\/\/blog.sierranortedeguadalajara.com\/index.php?rest_route=\/wp\/v2\/posts\/17206\/revisions\/27315"}],"wp:attachment":[{"href":"https:\/\/blog.sierranortedeguadalajara.com\/index.php?rest_route=%2Fwp%2Fv2%2Fmedia&parent=17206"}],"wp:term":[{"taxonomy":"category","embeddable":true,"href":"https:\/\/blog.sierranortedeguadalajara.com\/index.php?rest_route=%2Fwp%2Fv2%2Fcategories&post=17206"},{"taxonomy":"post_tag","embeddable":true,"href":"https:\/\/blog.sierranortedeguadalajara.com\/index.php?rest_route=%2Fwp%2Fv2%2Ftags&post=17206"}],"curies":[{"name":"wp","href":"https:\/\/api.w.org\/{rel}","templated":true}]}}