{"id":17171,"date":"2016-03-30T00:05:43","date_gmt":"2016-03-29T22:05:43","guid":{"rendered":"http:\/\/blog.laveredadepuebla.com\/?p=17171"},"modified":"2023-02-10T12:15:37","modified_gmt":"2023-02-10T12:15:37","slug":"amanece-en-puebla-de-valles-2","status":"publish","type":"post","link":"https:\/\/blog.sierranortedeguadalajara.com\/?p=17171","title":{"rendered":"Amanece en Puebla de Valles"},"content":{"rendered":"<p><img loading=\"lazy\" decoding=\"async\" class=\"aligncenter size-large wp-image-17172\" src=\"https:\/\/blog.sierranortedeguadalajara.com\/wp-content\/uploads\/2023\/02\/160330-amanece-1.jpg\" alt=\"160330 amanece 1\" width=\"500\" height=\"375\" \/>Las <a href=\"https:\/\/blog.laveredadepuebla.com\/2013\/04\/18\/nuestras-pequenas-medulas\/\"><em><strong>Peque\u00f1as M\u00e9dulas<\/strong><\/em><\/a> se van iluminando con el sol de la ma\u00f1ana y <a href=\"http:\/\/www.laveredadepuebla.com\/rutasypueblos\/pueblava.pdf\"><strong><em>Puebla de Valles<\/em> <\/strong><\/a>cobra vida. Lo siento, pero tengo que presumir de estos maravillosos amaneceres primaverales.<img loading=\"lazy\" decoding=\"async\" class=\"aligncenter size-large wp-image-17173\" src=\"https:\/\/blog.sierranortedeguadalajara.com\/wp-content\/uploads\/2023\/02\/160330-amanece-2.jpg\" alt=\"160330 amanece 2\" width=\"500\" height=\"375\" \/><\/p>\n<p><em><strong>Lar-ami<\/strong><\/em><\/p>\n","protected":false},"excerpt":{"rendered":"<p>Las Peque\u00f1as M\u00e9dulas se van iluminando con el sol de la ma\u00f1ana y Puebla de Valles cobra vida. Lo siento, pero tengo que presumir de estos maravillosos amaneceres primaverales. Lar-ami<\/p>\n","protected":false},"author":1,"featured_media":0,"comment_status":"open","ping_status":"open","sticky":false,"template":"","format":"standard","meta":{"footnotes":""},"categories":[12,15],"tags":[2,7,8],"class_list":["post-17171","post","type-post","status-publish","format-standard","hentry","category-actualidad","category-rincones-de-guadalajara","tag-actualidad","tag-naturaleza","tag-puebla-de-valles","entry"],"_links":{"self":[{"href":"https:\/\/blog.sierranortedeguadalajara.com\/index.php?rest_route=\/wp\/v2\/posts\/17171","targetHints":{"allow":["GET"]}}],"collection":[{"href":"https:\/\/blog.sierranortedeguadalajara.com\/index.php?rest_route=\/wp\/v2\/posts"}],"about":[{"href":"https:\/\/blog.sierranortedeguadalajara.com\/index.php?rest_route=\/wp\/v2\/types\/post"}],"author":[{"embeddable":true,"href":"https:\/\/blog.sierranortedeguadalajara.com\/index.php?rest_route=\/wp\/v2\/users\/1"}],"replies":[{"embeddable":true,"href":"https:\/\/blog.sierranortedeguadalajara.com\/index.php?rest_route=%2Fwp%2Fv2%2Fcomments&post=17171"}],"version-history":[{"count":1,"href":"https:\/\/blog.sierranortedeguadalajara.com\/index.php?rest_route=\/wp\/v2\/posts\/17171\/revisions"}],"predecessor-version":[{"id":27338,"href":"https:\/\/blog.sierranortedeguadalajara.com\/index.php?rest_route=\/wp\/v2\/posts\/17171\/revisions\/27338"}],"wp:attachment":[{"href":"https:\/\/blog.sierranortedeguadalajara.com\/index.php?rest_route=%2Fwp%2Fv2%2Fmedia&parent=17171"}],"wp:term":[{"taxonomy":"category","embeddable":true,"href":"https:\/\/blog.sierranortedeguadalajara.com\/index.php?rest_route=%2Fwp%2Fv2%2Fcategories&post=17171"},{"taxonomy":"post_tag","embeddable":true,"href":"https:\/\/blog.sierranortedeguadalajara.com\/index.php?rest_route=%2Fwp%2Fv2%2Ftags&post=17171"}],"curies":[{"name":"wp","href":"https:\/\/api.w.org\/{rel}","templated":true}]}}