{"id":17149,"date":"2016-03-29T00:05:24","date_gmt":"2016-03-28T23:05:24","guid":{"rendered":"http:\/\/blog.laveredadepuebla.com\/?p=17149"},"modified":"2023-02-10T12:15:38","modified_gmt":"2023-02-10T12:15:38","slug":"vida-de-los-frailes-franciscanos-de-tamajon","status":"publish","type":"post","link":"https:\/\/blog.sierranortedeguadalajara.com\/?p=17149","title":{"rendered":"Vida de los frailes franciscanos de Tamaj\u00f3n"},"content":{"rendered":"<p>Por <a href=\"https:\/\/blog.laveredadepuebla.com\/2010\/09\/21\/el-convento-franciscano-de%C2%A0tamajon\/\"><em><strong>este cenobio<\/strong><\/em><\/a> pasaron religiosos humildes y sencillos, sin figuras \u00f3 hechos de especial relevancia. En el 1.700 fue colegio misionero; en 1.813 convento de cabecera, tras acoger a l<span style=\"color:#800000;\"><strong>os frailes de Cogolludo.<\/strong> <\/span>A\u00f1os despu\u00e9s <em>(1.823)<\/em> prest\u00f3 tres frailes al <span style=\"color:#800000;\"><strong>c<\/strong><strong>onvento de San Diego de Alcal\u00e1<\/strong> <\/span>para ponerlo de nuevo en marcha. Sus figuras m\u00e1s conocidas fueron <span style=\"color:#800000;\"><strong>fray Jose de Tamajon<\/strong> <\/span><em>(1.730 &#8211; 1.771)<\/em> que predic\u00f3 en Francia e Italia y <a href=\"https:\/\/blog.laveredadepuebla.com\/2010\/12\/17\/la-inquisicion\/\"><strong><span style=\"color:#000000;\"><em>fray Juan Gir\u00f3n, juzgado en 1.676 por la Inquisici\u00f3n<\/em><\/span><\/strong><\/a>, acusado de solicitante, como recoge <a href=\"http:\/\/www.aache.com\/alcarrians\/garcia_lopez.htm\"><em><strong>D. Aurelio Garc\u00eda L\u00f3pez<\/strong><\/em><\/a> en su libro <span style=\"color:#800000;\"><strong>\u201cTamaj\u00f3n en la Edad Moderna\u201d.<\/strong><\/span><\/p>\n<p>Tambi\u00e9n nos da cuenta de sus dificultades econ\u00f3micas, que empezaron al <a href=\"https:\/\/blog.laveredadepuebla.com\/2015\/07\/08\/construccion-del-convento-de-tamajon\/\"><em><strong>terminar su construcci\u00f3n.<\/strong><\/em><\/a> Ya en 1.676 tuvieron que pedir limosna al Duque de Pastrana por<span style=\"color:#800000;\"><strong> \u201cestar en grand\u00edsima necesidad\u201d<\/strong><\/span> y a\u00f1os despu\u00e9s vendieron 6 fanegas de huerta para sobrevivir. Sus gastos eran m\u00ednimos<span style=\"color:#800000;\"><em>: mantenimiento edificio, chocolate, pescado, arroz, carne, fruta, verdura, vino, jornales de zagal y pastor, tabaco, jab\u00f3n, suelas, albarcas, carb\u00f3n, cera, correo, zapatos, viajes,&#8230; <\/em><\/span><\/p>\n<p><img loading=\"lazy\" decoding=\"async\" class=\"alignright size-medium wp-image-17150\" src=\"https:\/\/blog.sierranortedeguadalajara.com\/wp-content\/uploads\/2023\/02\/160329-fftamajon-1.jpg\" alt=\"160329 fftamajon 1\" width=\"300\" height=\"179\" \/>Sus escasos ingresos proced\u00edan de limosnas, mandas, funerales y misas de difuntos, as\u00ed como de pr\u00e9dicas y sermones, tanto en <a href=\"http:\/\/www.laveredadepuebla.com\/rutasypueblos\/tamajon.pdf\"><em><strong>Tamaj\u00f3n<\/strong> <\/em><\/a>como en pueblos vecinos <span style=\"color:#800000;\"><em>(en lugares tan alejados como Matarrubia, La Iruela, Montarr\u00f3n y Mohernando).<\/em><\/span> Ped\u00edan limosna por los campos y cambiaban rezos por legumbres, pan y vino. Para aumentar ingresos, obtuvieron de San Francisco el Grande de Madrid<em> (1.742)<\/em> <span style=\"color:#800000;\"><strong>un lignun Crucis con certificado de autenticidad<\/strong><\/span>. As\u00ed mismo consiguieron del obispo de Sig\u00fcenza <em>(1.748)<\/em> una <span style=\"color:#800000;\"><strong>indulgencia para quienes fueran a visitar a la virgen del convento. <\/strong><\/span><\/p>\n<p>La vida de los frailes era dif\u00edcil y mon\u00f3tona, endurecida por el fr\u00edo del lugar. El <span style=\"color:#800000;\"><strong>m\u00e9dico de Tamaj\u00f3n Lucas Felipe del Arenal,<\/strong> <\/span>certific\u00f3 en 1.711, a instancias del prior, que razones m\u00e9dicas aconsejaban <a href=\"https:\/\/blog.laveredadepuebla.com\/2012\/05\/02\/como-vivian-los-monjes-en-bonaval\/\"><em><strong>suprimir los Maitines<\/strong><\/em><\/a>. Y se concedi\u00f3, a cambio de rezar 15 minutos despu\u00e9s de Completas.<\/p>\n<p><strong><em>Lar-ami<\/em><\/strong><\/p>\n","protected":false},"excerpt":{"rendered":"<p>Por este cenobio pasaron religiosos humildes y sencillos, sin figuras \u00f3 hechos de especial relevancia. En el 1.700 fue colegio misionero; en 1.813 convento de cabecera, tras acoger a los frailes de Cogolludo. A\u00f1os despu\u00e9s (1.823) prest\u00f3 tres frailes al convento de San Diego de Alcal\u00e1 para ponerlo de nuevo en marcha. Sus figuras m\u00e1s &hellip; <\/p>\n<p class=\"link-more\"><a href=\"https:\/\/blog.sierranortedeguadalajara.com\/?p=17149\" class=\"more-link\">Seguir leyendo<span class=\"screen-reader-text\"> \u00abVida de los frailes franciscanos de Tamaj\u00f3n\u00bb<\/span><\/a><\/p>\n","protected":false},"author":1,"featured_media":0,"comment_status":"open","ping_status":"open","sticky":false,"template":"","format":"standard","meta":{"footnotes":""},"categories":[9],"tags":[2,4,5,11,21],"class_list":["post-17149","post","type-post","status-publish","format-standard","hentry","category-rincones-de-la-sierra-norte","tag-actualidad","tag-cultura","tag-historia","tag-siglo-xviii","tag-tamajon","entry"],"_links":{"self":[{"href":"https:\/\/blog.sierranortedeguadalajara.com\/index.php?rest_route=\/wp\/v2\/posts\/17149","targetHints":{"allow":["GET"]}}],"collection":[{"href":"https:\/\/blog.sierranortedeguadalajara.com\/index.php?rest_route=\/wp\/v2\/posts"}],"about":[{"href":"https:\/\/blog.sierranortedeguadalajara.com\/index.php?rest_route=\/wp\/v2\/types\/post"}],"author":[{"embeddable":true,"href":"https:\/\/blog.sierranortedeguadalajara.com\/index.php?rest_route=\/wp\/v2\/users\/1"}],"replies":[{"embeddable":true,"href":"https:\/\/blog.sierranortedeguadalajara.com\/index.php?rest_route=%2Fwp%2Fv2%2Fcomments&post=17149"}],"version-history":[{"count":1,"href":"https:\/\/blog.sierranortedeguadalajara.com\/index.php?rest_route=\/wp\/v2\/posts\/17149\/revisions"}],"predecessor-version":[{"id":27340,"href":"https:\/\/blog.sierranortedeguadalajara.com\/index.php?rest_route=\/wp\/v2\/posts\/17149\/revisions\/27340"}],"wp:attachment":[{"href":"https:\/\/blog.sierranortedeguadalajara.com\/index.php?rest_route=%2Fwp%2Fv2%2Fmedia&parent=17149"}],"wp:term":[{"taxonomy":"category","embeddable":true,"href":"https:\/\/blog.sierranortedeguadalajara.com\/index.php?rest_route=%2Fwp%2Fv2%2Fcategories&post=17149"},{"taxonomy":"post_tag","embeddable":true,"href":"https:\/\/blog.sierranortedeguadalajara.com\/index.php?rest_route=%2Fwp%2Fv2%2Ftags&post=17149"}],"curies":[{"name":"wp","href":"https:\/\/api.w.org\/{rel}","templated":true}]}}