{"id":17141,"date":"2016-03-28T00:05:59","date_gmt":"2016-03-27T23:05:59","guid":{"rendered":"http:\/\/blog.laveredadepuebla.com\/?p=17141"},"modified":"2023-02-10T12:15:38","modified_gmt":"2023-02-10T12:15:38","slug":"como-vivian-los-celtiberos","status":"publish","type":"post","link":"https:\/\/blog.sierranortedeguadalajara.com\/?p=17141","title":{"rendered":"\u00bfComo viv\u00edan los celtiberos?"},"content":{"rendered":"<p><img loading=\"lazy\" decoding=\"async\" class=\"alignleft wp-image-17142\" src=\"https:\/\/blog.sierranortedeguadalajara.com\/wp-content\/uploads\/2023\/02\/160328-celti-1.jpg\" alt=\"160328 Celti 1\" width=\"240\" height=\"210\" \/>Los romanos Estrab\u00f3n y Marcial describen <a href=\"http:\/\/www.celtiberica.es\/\"><strong><em>Celtiberia<\/em><\/strong><\/a> como tierra \u00e1spera, monta\u00f1osa y en general est\u00e9ril, con fuertes heladas, abundantes nevadas y azotada por el viento norte, <span style=\"color:#800000;\"><strong>el cizicus<\/strong><\/span> <em>(cierzo<\/em>). Un magnifico trabajo del historiador <a href=\"https:\/\/www.ucm.es\/dep-prehistoria\/alfredo-jimeno-martinez\"><em><strong>D. Alfredo Jimeno Mart\u00ednez<\/strong><\/em><\/a>, <a href=\"http:\/\/revistas.ucm.es\/index.php\/CMPL\/article\/download\/37732\/36513\"><span style=\"color:#800000;\"><strong><em>\u201cLas ciudades celtib\u00e9ricas de la Meseta Oriental\u201d<\/em> <\/strong><\/span><\/a>nos aporta datos muy interesantes para conocer como viv\u00edan nuestros ancestros de la <em><strong><a href=\"http:\/\/blog.laveredadepuebla.com\/2011\/04\/01\/parque-natural-sierra-norte-de-guadalajara\/\">Sierra Norte.<\/a><\/strong><\/em><\/p>\n<p><img loading=\"lazy\" decoding=\"async\" class=\"alignleft wp-image-17143\" src=\"https:\/\/blog.sierranortedeguadalajara.com\/wp-content\/uploads\/2023\/02\/160328-celti-2.jpg\" alt=\"160328 Celti 2\" width=\"240\" height=\"186\" \/>Su fuente de riqueza era la cr\u00eda de cabras y ovejas; con su lana se hac\u00edan ropas, entre las que destaca el <span style=\"color:#800000;\"><strong>sagum<\/strong><\/span> <em>(especie de t\u00fanica de una pieza, de color pardo o negro)<\/em> muy apreciado por los romanos. Criaban asnos, mulos y caballos <em>(con fama de r\u00e1pidos)<\/em> y cazaban ciervos, jabal\u00edes, liebres, conejos, osos y lobos. La agricultura estaba poco extendida en esta sierra, donde escaseaba el cereal: trigo cebada, mijo, centeno y avena. Se cultivaba tambi\u00e9n <span style=\"color:#800000;\">habas, veza y almortas <em>(esenciales en nuestras gachas)<\/em><\/span>. La dieta se completaba con frutos secos, sobre todo bellotas. Se han encontrado restos de harina de trigo, cebada y bellotas.<\/p>\n<figure id=\"attachment_17144\" aria-describedby=\"caption-attachment-17144\" style=\"width: 300px\" class=\"wp-caption alignright\"><img loading=\"lazy\" decoding=\"async\" class=\"wp-image-17144 size-medium\" src=\"https:\/\/blog.sierranortedeguadalajara.com\/wp-content\/uploads\/2023\/02\/160328-celti-3.jpg\" alt=\"160328 Celti 3\" width=\"300\" height=\"207\" \/><figcaption id=\"caption-attachment-17144\" class=\"wp-caption-text\"><strong><em>T\u00e9sera celtib\u00e9rica de colgante. Cortes\u00eda de Garc\u00eda Merino (2.005)<\/em><\/strong><\/figcaption><\/figure>\n<p>Inicialmente la sociedad celtib\u00e9rica se estructur\u00f3 en <span style=\"color:#800000;\"><strong>clanes familiares<\/strong> <\/span>con uso colectivo de la tierra y un conjunto de pr\u00e1cticas religiosas, deberes y derechos que obligaba a todos. Los clanes se <span style=\"color:#800000;\"><strong>agrupaban en tribu<\/strong><\/span>, que a su vez pod\u00edan confederarse constituyendo lo que se conoce como<span style=\"color:#000000;\"> l<\/span><span style=\"color:#800000;\"><span style=\"color:#000000;\">os<\/span> <strong>celt\u00edberos. <\/strong><\/span>Al inicio <em>(siglo VI a.c.)<\/em>, los poblados en la sierra eran <span style=\"color:#800000;\"><strong>tipo castro,<\/strong><\/span> con sistemas defensivos aprovechando el terreno. En llanuras y valles, se asentaban en peque\u00f1os cerros de f\u00e1cil defensa. Conoc\u00edan el uso de la sal y del acero, explotando minas de hierro<em> (Moncayo)<\/em> y salinas. En el siglo IV a.c. se extiende el comercio con el Levante y la poblaci\u00f3n se concentra en n\u00facleos mayores, apareciendo <em><strong><a href=\"https:\/\/blog.laveredadepuebla.com\/2015\/12\/18\/serrania-celtiberica\/\">las ciudades a finales del siglo III a.c.<\/a><\/strong><\/em><\/p>\n<p><strong><em>Lar-ami<\/em><\/strong><\/p>\n","protected":false},"excerpt":{"rendered":"<p>Los romanos Estrab\u00f3n y Marcial describen Celtiberia como tierra \u00e1spera, monta\u00f1osa y en general est\u00e9ril, con fuertes heladas, abundantes nevadas y azotada por el viento norte, el cizicus (cierzo). Un magnifico trabajo del historiador D. Alfredo Jimeno Mart\u00ednez, \u201cLas ciudades celtib\u00e9ricas de la Meseta Oriental\u201d nos aporta datos muy interesantes para conocer como viv\u00edan nuestros &hellip; <\/p>\n<p class=\"link-more\"><a href=\"https:\/\/blog.sierranortedeguadalajara.com\/?p=17141\" class=\"more-link\">Seguir leyendo<span class=\"screen-reader-text\"> \u00ab\u00bfComo viv\u00edan los celtiberos?\u00bb<\/span><\/a><\/p>\n","protected":false},"author":1,"featured_media":0,"comment_status":"open","ping_status":"open","sticky":false,"template":"","format":"standard","meta":{"footnotes":""},"categories":[6],"tags":[2,4,5,7,10],"class_list":["post-17141","post","type-post","status-publish","format-standard","hentry","category-mundo-rural","tag-actualidad","tag-cultura","tag-historia","tag-naturaleza","tag-sierra-norte","entry"],"_links":{"self":[{"href":"https:\/\/blog.sierranortedeguadalajara.com\/index.php?rest_route=\/wp\/v2\/posts\/17141","targetHints":{"allow":["GET"]}}],"collection":[{"href":"https:\/\/blog.sierranortedeguadalajara.com\/index.php?rest_route=\/wp\/v2\/posts"}],"about":[{"href":"https:\/\/blog.sierranortedeguadalajara.com\/index.php?rest_route=\/wp\/v2\/types\/post"}],"author":[{"embeddable":true,"href":"https:\/\/blog.sierranortedeguadalajara.com\/index.php?rest_route=\/wp\/v2\/users\/1"}],"replies":[{"embeddable":true,"href":"https:\/\/blog.sierranortedeguadalajara.com\/index.php?rest_route=%2Fwp%2Fv2%2Fcomments&post=17141"}],"version-history":[{"count":1,"href":"https:\/\/blog.sierranortedeguadalajara.com\/index.php?rest_route=\/wp\/v2\/posts\/17141\/revisions"}],"predecessor-version":[{"id":27344,"href":"https:\/\/blog.sierranortedeguadalajara.com\/index.php?rest_route=\/wp\/v2\/posts\/17141\/revisions\/27344"}],"wp:attachment":[{"href":"https:\/\/blog.sierranortedeguadalajara.com\/index.php?rest_route=%2Fwp%2Fv2%2Fmedia&parent=17141"}],"wp:term":[{"taxonomy":"category","embeddable":true,"href":"https:\/\/blog.sierranortedeguadalajara.com\/index.php?rest_route=%2Fwp%2Fv2%2Fcategories&post=17141"},{"taxonomy":"post_tag","embeddable":true,"href":"https:\/\/blog.sierranortedeguadalajara.com\/index.php?rest_route=%2Fwp%2Fv2%2Ftags&post=17141"}],"curies":[{"name":"wp","href":"https:\/\/api.w.org\/{rel}","templated":true}]}}