{"id":17110,"date":"2016-03-22T00:05:08","date_gmt":"2016-03-21T23:05:08","guid":{"rendered":"http:\/\/blog.laveredadepuebla.com\/?p=17110"},"modified":"2023-02-10T12:15:41","modified_gmt":"2023-02-10T12:15:41","slug":"capellanias-en-el-tamajon-moderno","status":"publish","type":"post","link":"https:\/\/blog.sierranortedeguadalajara.com\/?p=17110","title":{"rendered":"Capellan\u00edas en el Tamaj\u00f3n moderno"},"content":{"rendered":"<p>La Contrarreforma provoc\u00f3 un extraordinario fervor en los siglos XVII y XVIII, que se plasm\u00f3 en numerosas actuaciones de los laicos con tinte religioso, adem\u00e1s de iglesias, ermitas <em>(como <a href=\"https:\/\/blog.laveredadepuebla.com\/2009\/09\/20\/ermitas-de-la-soledad\/\"><strong>las de la Soledad<\/strong><\/a>, que pueblan la provincia)<\/em> y cofrad\u00edas. El historiador <a href=\"http:\/\/www.aache.com\/alcarrians\/garcia_lopez.htm\"><em><strong>D. Aurelio Garc\u00eda L\u00f3pez<\/strong> <\/em><\/a>las detalla en su libro <span style=\"color:#800000;\"><strong>\u201cTamaj\u00f3n en la Edad Moderna\u201d .<\/strong><\/span><\/p>\n<p>Entre ellas destacan<span style=\"color:#800000;\"><strong> Memorias<\/strong><\/span> <em>(se encargaban un n\u00famero de misas; en<a href=\"http:\/\/www.laveredadepuebla.com\/rutasypueblos\/tamajon.pdf\"><strong> Tamaj\u00f3n<\/strong> <\/a>hubo hasta 66 en 1.660)<\/em>, <span style=\"color:#800000;\"><strong>Aniversarios<\/strong> <\/span><em>(misa en un d\u00eda determinado)<\/em>, <span style=\"color:#800000;\"><strong>Obras p\u00edas<\/strong> <\/span><em>(se dejaban bienes destinados al culto divino y\/o servicio espiritual al pr\u00f3jimo)<\/em>,\u2026 y <span style=\"color:#800000;\"><strong>Capellanias,<\/strong><\/span> cuyo fundador dejaba bienes suficientes <em>(administrados por el p\u00e1rroco)<\/em> para celebrar actos religiosos en su recuerdo y mantener un cl\u00e9rigo. Eran ocupadas por hombres modestos y\/o segundones que no llegaban a sacerdotes, pero gozaban de sus exenciones de impuestos y privilegios. Sus obligaciones eran m\u00ednimas y combinaban su actividad e ingresos con otras.<\/p>\n<p><img loading=\"lazy\" decoding=\"async\" class=\"alignright size-medium wp-image-17111\" src=\"https:\/\/blog.sierranortedeguadalajara.com\/wp-content\/uploads\/2023\/02\/160318-capellania.jpg\" alt=\"160318 capellania\" width=\"300\" height=\"225\" \/>En los siglos <span style=\"color:#800000;\"><strong>XVII y XVIII hubo siete capellan\u00edas,<\/strong><\/span> fundadas por: bachiller <strong><span style=\"color:#800000;\">D. Juan Juli\u00e1n<\/span><\/strong> <em>(de 1.590)<\/em>, <span style=\"color:#800000;\"><strong>bachiller Juan Sevilla<\/strong><\/span> <em>(1.575)<\/em>, el cl\u00e9rigo de Tamajon<span style=\"color:#800000;\"><strong> D. Pedro Gaona<\/strong> <\/span><em>(1.580)<\/em>, <span style=\"color:#800000;\"><strong>D Juan de Sebillo<\/strong><\/span>, <span style=\"color:#800000;\"><strong>D. Juan de Merino<\/strong> <\/span>y <span style=\"color:#800000;\"><strong>Eugenia de Santallana<\/strong><\/span> <em>(1.796)<\/em>. Entre ellas destaca la de <em><strong><a href=\"https:\/\/blog.laveredadepuebla.com\/2011\/01\/13\/los-montufar-de-tamajon\/\">los Mont\u00fafar, con capilla propia.<\/a><\/strong><\/em><\/p>\n<p>Esta capellan\u00eda <em>(para sostener la capilla construida un a\u00f1o antes, y una obra p\u00eda para hu\u00e9rfanas)<\/em> fue fundada en 1.597; el capell\u00e1n fue miembro de la familia, al menos hasta 1.722. La capilla estaba dotada de estatuas, elementos de culto, cristo,\u2026donde ser\u00eda enterrado el <em><span style=\"color:#800000;\"><strong>matrimonio Mont\u00fafar<\/strong> <\/span><\/em>y sus descendientes <em>(si lo desearan)<\/em>. La capellan\u00eda era propietaria de la <a href=\"http:\/\/www.laveredadepuebla.com\/rutasypueblos\/visitatamajon.pdf\"><em><strong>casa de los Marqueses<\/strong> <\/em><\/a>en la calle Nueva. Desamortizada en el XIX, fue comprada por descendientes de los Mont\u00fafar.<\/p>\n<p><em><strong>Lar-ami<\/strong><\/em><\/p>\n","protected":false},"excerpt":{"rendered":"<p>La Contrarreforma provoc\u00f3 un extraordinario fervor en los siglos XVII y XVIII, que se plasm\u00f3 en numerosas actuaciones de los laicos con tinte religioso, adem\u00e1s de iglesias, ermitas (como las de la Soledad, que pueblan la provincia) y cofrad\u00edas. El historiador D. Aurelio Garc\u00eda L\u00f3pez las detalla en su libro \u201cTamaj\u00f3n en la Edad Moderna\u201d &hellip; <\/p>\n<p class=\"link-more\"><a href=\"https:\/\/blog.sierranortedeguadalajara.com\/?p=17110\" class=\"more-link\">Seguir leyendo<span class=\"screen-reader-text\"> \u00abCapellan\u00edas en el Tamaj\u00f3n moderno\u00bb<\/span><\/a><\/p>\n","protected":false},"author":1,"featured_media":0,"comment_status":"open","ping_status":"open","sticky":false,"template":"","format":"standard","meta":{"footnotes":""},"categories":[6],"tags":[2,4,5,11,21],"class_list":["post-17110","post","type-post","status-publish","format-standard","hentry","category-mundo-rural","tag-actualidad","tag-cultura","tag-historia","tag-siglo-xviii","tag-tamajon","entry"],"_links":{"self":[{"href":"https:\/\/blog.sierranortedeguadalajara.com\/index.php?rest_route=\/wp\/v2\/posts\/17110","targetHints":{"allow":["GET"]}}],"collection":[{"href":"https:\/\/blog.sierranortedeguadalajara.com\/index.php?rest_route=\/wp\/v2\/posts"}],"about":[{"href":"https:\/\/blog.sierranortedeguadalajara.com\/index.php?rest_route=\/wp\/v2\/types\/post"}],"author":[{"embeddable":true,"href":"https:\/\/blog.sierranortedeguadalajara.com\/index.php?rest_route=\/wp\/v2\/users\/1"}],"replies":[{"embeddable":true,"href":"https:\/\/blog.sierranortedeguadalajara.com\/index.php?rest_route=%2Fwp%2Fv2%2Fcomments&post=17110"}],"version-history":[{"count":1,"href":"https:\/\/blog.sierranortedeguadalajara.com\/index.php?rest_route=\/wp\/v2\/posts\/17110\/revisions"}],"predecessor-version":[{"id":27355,"href":"https:\/\/blog.sierranortedeguadalajara.com\/index.php?rest_route=\/wp\/v2\/posts\/17110\/revisions\/27355"}],"wp:attachment":[{"href":"https:\/\/blog.sierranortedeguadalajara.com\/index.php?rest_route=%2Fwp%2Fv2%2Fmedia&parent=17110"}],"wp:term":[{"taxonomy":"category","embeddable":true,"href":"https:\/\/blog.sierranortedeguadalajara.com\/index.php?rest_route=%2Fwp%2Fv2%2Fcategories&post=17110"},{"taxonomy":"post_tag","embeddable":true,"href":"https:\/\/blog.sierranortedeguadalajara.com\/index.php?rest_route=%2Fwp%2Fv2%2Ftags&post=17110"}],"curies":[{"name":"wp","href":"https:\/\/api.w.org\/{rel}","templated":true}]}}