{"id":17091,"date":"2016-03-14T00:05:22","date_gmt":"2016-03-13T23:05:22","guid":{"rendered":"http:\/\/blog.laveredadepuebla.com\/?p=17091"},"modified":"2023-02-10T12:15:44","modified_gmt":"2023-02-10T12:15:44","slug":"los-origenes-de-la-celtiberia","status":"publish","type":"post","link":"https:\/\/blog.sierranortedeguadalajara.com\/?p=17091","title":{"rendered":"Los or\u00edgenes de la Celtiberia"},"content":{"rendered":"<p><img loading=\"lazy\" decoding=\"async\" class=\"alignleft size-medium wp-image-17092\" src=\"https:\/\/blog.sierranortedeguadalajara.com\/wp-content\/uploads\/2023\/02\/160314-origenes-1.jpg\" alt=\"160314 origenes 1\" width=\"234\" height=\"300\" \/>Cuando el <a href=\"http:\/\/www.celtiberica.es\/\"><em><strong>profesor Burillo<\/strong><\/em><\/a> y su equipo comenzaron el proyecto <a href=\"https:\/\/blog.laveredadepuebla.com\/2015\/12\/18\/serrania-celtiberica\/\"><em><strong>Serran\u00eda Celtib\u00e9rica<\/strong><\/em>,<\/a> muchos dudaban de que el territorio tuviera identidad propia. Quiz\u00e1s porque no conoc\u00edan el <a href=\"http:\/\/ifc.dpz.es\/recursos\/publicaciones\/26\/22\/28ruizlorrio.pdf\"><em><strong>art\u00edculo de los profesores Gonzalo Ruiz Zapatero y Alberto J. Lorrio,<\/strong><\/em><\/a> publicado en el a\u00f1o 2.005.<\/p>\n<p>En el citado estudio se explica con detalle la gestaci\u00f3n del mundo celtib\u00e9rico en el territorio, que puede rastrearse desde el siglo VI a.c. a trav\u00e9s de varias necr\u00f3polis en el Alto Tajo, Alto Henares y la comarca de Molina: <span style=\"color:#800000;\"><em>Herrer\u00eda, Valdenovillos, Aguilar de Anguita, \u2026 y que confirman su identidad cultural hasta el siglo I a.c., cuando fue conquistada por los romanos.<\/em><\/span><\/p>\n<p><img loading=\"lazy\" decoding=\"async\" class=\"alignright size-medium wp-image-17093\" src=\"https:\/\/blog.sierranortedeguadalajara.com\/wp-content\/uploads\/2023\/02\/160314-origenes-2.jpg\" alt=\"160314 origenes 2\" width=\"228\" height=\"300\" \/>Aunque existieron varias etnias celtib\u00e9ricas<span style=\"color:#800000;\"><em> (Pelendones, Ar\u00e9vacos, Lusones y Titos)<\/em> <\/span>distribuidas por comarcas, todas compart\u00edan estructura social, costumbres, lengua, escritura, \u2026 matizadas con la diversidad regional e influencias de los pueblos vecinos de cada comarca.<\/p>\n<p>No existieron <strong>\u00ablos Celt\u00edberos\u00bb<\/strong>, sino <strong>diferentes Celt\u00edberos<\/strong> en distintos momentos del primer milenio a.c. Su evoluci\u00f3n hist\u00f3rica dur\u00f3 600 a\u00f1os y ayudaron a conformar la identidad de la<a href=\"http:\/\/www.celtiberica.es\/\"><em><strong> Celtiberia actual,<\/strong><\/em><\/a> de la que forma parte la <strong><em><a href=\"http:\/\/blog.laveredadepuebla.com\/2011\/04\/01\/parque-natural-sierra-norte-de-guadalajara\/\">Sierra Norte de Guadalajara.<\/a><\/em><\/strong><\/p>\n<p><em><strong>Lar-ami<\/strong><\/em><\/p>\n","protected":false},"excerpt":{"rendered":"<p>Cuando el profesor Burillo y su equipo comenzaron el proyecto Serran\u00eda Celtib\u00e9rica, muchos dudaban de que el territorio tuviera identidad propia. Quiz\u00e1s porque no conoc\u00edan el art\u00edculo de los profesores Gonzalo Ruiz Zapatero y Alberto J. Lorrio, publicado en el a\u00f1o 2.005. En el citado estudio se explica con detalle la gestaci\u00f3n del mundo celtib\u00e9rico &hellip; <\/p>\n<p class=\"link-more\"><a href=\"https:\/\/blog.sierranortedeguadalajara.com\/?p=17091\" class=\"more-link\">Seguir leyendo<span class=\"screen-reader-text\"> \u00abLos or\u00edgenes de la Celtiberia\u00bb<\/span><\/a><\/p>\n","protected":false},"author":1,"featured_media":0,"comment_status":"open","ping_status":"open","sticky":false,"template":"","format":"standard","meta":{"footnotes":""},"categories":[12,6],"tags":[2,4,5,7,10],"class_list":["post-17091","post","type-post","status-publish","format-standard","hentry","category-actualidad","category-mundo-rural","tag-actualidad","tag-cultura","tag-historia","tag-naturaleza","tag-sierra-norte","entry"],"_links":{"self":[{"href":"https:\/\/blog.sierranortedeguadalajara.com\/index.php?rest_route=\/wp\/v2\/posts\/17091","targetHints":{"allow":["GET"]}}],"collection":[{"href":"https:\/\/blog.sierranortedeguadalajara.com\/index.php?rest_route=\/wp\/v2\/posts"}],"about":[{"href":"https:\/\/blog.sierranortedeguadalajara.com\/index.php?rest_route=\/wp\/v2\/types\/post"}],"author":[{"embeddable":true,"href":"https:\/\/blog.sierranortedeguadalajara.com\/index.php?rest_route=\/wp\/v2\/users\/1"}],"replies":[{"embeddable":true,"href":"https:\/\/blog.sierranortedeguadalajara.com\/index.php?rest_route=%2Fwp%2Fv2%2Fcomments&post=17091"}],"version-history":[{"count":1,"href":"https:\/\/blog.sierranortedeguadalajara.com\/index.php?rest_route=\/wp\/v2\/posts\/17091\/revisions"}],"predecessor-version":[{"id":27370,"href":"https:\/\/blog.sierranortedeguadalajara.com\/index.php?rest_route=\/wp\/v2\/posts\/17091\/revisions\/27370"}],"wp:attachment":[{"href":"https:\/\/blog.sierranortedeguadalajara.com\/index.php?rest_route=%2Fwp%2Fv2%2Fmedia&parent=17091"}],"wp:term":[{"taxonomy":"category","embeddable":true,"href":"https:\/\/blog.sierranortedeguadalajara.com\/index.php?rest_route=%2Fwp%2Fv2%2Fcategories&post=17091"},{"taxonomy":"post_tag","embeddable":true,"href":"https:\/\/blog.sierranortedeguadalajara.com\/index.php?rest_route=%2Fwp%2Fv2%2Ftags&post=17091"}],"curies":[{"name":"wp","href":"https:\/\/api.w.org\/{rel}","templated":true}]}}