{"id":17063,"date":"2016-03-09T00:05:22","date_gmt":"2016-03-08T23:05:22","guid":{"rendered":"http:\/\/blog.laveredadepuebla.com\/?p=17063"},"modified":"2023-02-10T12:15:47","modified_gmt":"2023-02-10T12:15:47","slug":"las-contradicciones-de-el-vado","status":"publish","type":"post","link":"https:\/\/blog.sierranortedeguadalajara.com\/?p=17063","title":{"rendered":"Las contradicciones de El Vado"},"content":{"rendered":"<p>El nombre de este <a href=\"https:\/\/blog.laveredadepuebla.com\/2009\/12\/04\/el-vado-pueblo-abandonado\/\"><em><strong>pueblo abandonado<\/strong> <\/em><\/a>responde a su funci\u00f3n: era el \u00fanico lugar en muchos kil\u00f3metros a la redonda por donde se pod\u00eda cruzar el<a href=\"http:\/\/blog.laveredadepuebla.com\/2009\/08\/27\/rio-jarama\/\"><strong><em> r\u00edo Jarama<\/em><\/strong><\/a>, <em>(desde su nacimiento hasta la <a href=\"https:\/\/blog.laveredadepuebla.com\/2011\/01\/11\/la-vega-de-bonaval\/\"><strong>vega de Bonaval<\/strong> <\/a>el r\u00edo va encajonado)<\/em>, que entonces ven\u00eda grande.<\/p>\n<p><img loading=\"lazy\" decoding=\"async\" class=\"alignright wp-image-17064\" src=\"https:\/\/blog.sierranortedeguadalajara.com\/wp-content\/uploads\/2023\/02\/160309-contradicciones-1.jpg\" alt=\"160309 contradicciones 1\" width=\"240\" height=\"180\" \/><img loading=\"lazy\" decoding=\"async\" class=\"alignleft wp-image-17065\" src=\"https:\/\/blog.sierranortedeguadalajara.com\/wp-content\/uploads\/2023\/02\/160309-contradicciones-2.jpg\" alt=\"160309 contradicciones 2\" width=\"240\" height=\"180\" \/>Sin embargo la primera imagen que recibe el visitante es <span style=\"color:#800000;\"><strong>un puente vulgar,<\/strong><\/span> realizado en los a\u00f1os cincuenta cuando se construy\u00f3 la presa. Las malas lenguas dicen que se hizo para que las maquinas pesadas de ICONA pudieran demoler las casas del pueblo y as\u00ed evitar que se volvieran a ocupar.<\/p>\n<p>Muchos cuentan que el pueblo est\u00e1 bajo las aguas <a href=\"https:\/\/blog.laveredadepuebla.com\/2011\/01\/11\/la-vega-de-bonaval\/\"><strong><em>del pantano<\/em><\/strong><\/a>. Y no es cierto, ni lo estuvo ni nunca lo estar\u00e1. Las im\u00e1genes as\u00ed lo explican. Entonces \u00bfpor qu\u00e9 se abandon\u00f3 el pueblo? Por qu\u00e9 <span style=\"color:#800000;\"><strong>as\u00ed lo quisieron los pol\u00edticos<\/strong> <\/span>de la \u00e9poca <em>(el franquismo estaba en su apogeo). <\/em>La presa se acab\u00f3 en 1.954 y poco despu\u00e9s se aprob\u00f3 su recrecimiento. Esto supuso el anegamiento de las tierras y la <em><span style=\"color:#800000;\">desaparici\u00f3n de todas las casas de El Vado<\/span><\/em>, como recog\u00eda el <span style=\"color:#800000;\"><strong>BOE de 9 de junio de 1.966<\/strong> <\/span>que ordenaba su expropiaci\u00f3n forzosa y ocupaci\u00f3n inmediata.<\/p>\n<figure id=\"attachment_17067\" aria-describedby=\"caption-attachment-17067\" style=\"width: 235px\" class=\"wp-caption alignright\"><img loading=\"lazy\" decoding=\"async\" class=\"wp-image-17067\" src=\"https:\/\/blog.sierranortedeguadalajara.com\/wp-content\/uploads\/2023\/02\/160309-contradicciones-4.jpg\" alt=\"160309 contradicciones 4\" width=\"235\" height=\"178\" \/><figcaption id=\"caption-attachment-17067\" class=\"wp-caption-text\"><em>Cortesia de Pisino<\/em><\/figcaption><\/figure>\n<p><img loading=\"lazy\" decoding=\"async\" class=\"alignleft wp-image-17066\" src=\"https:\/\/blog.sierranortedeguadalajara.com\/wp-content\/uploads\/2023\/02\/160309-contradicciones-3.jpg\" alt=\"160309 contradicciones 3\" width=\"235\" height=\"176\" \/>Cierto que el desarrollismo de los a\u00f1os sesenta podr\u00eda haber dejado el pueblo muy mermado, e incluso provocado su abandono. Pero conviene recordar que el pantano cubri\u00f3 los huertos, el molino y el camino que llevaba a Tamaj\u00f3n <a href=\"https:\/\/blog.laveredadepuebla.com\/2014\/05\/12\/el-moreno-de-tamajon\/\"><em><strong>(el camino del Degollado)<\/strong> <\/em><\/a>pero <a href=\"https:\/\/blog.laveredadepuebla.com\/2009\/12\/05\/el-vado-pueblo-abandonado-ii\/\"><em><strong>no las casas, ni los corrales,<\/strong><\/em><\/a> ni los montes, ni <a href=\"http:\/\/blog.laveredadepuebla.com\/2009\/11\/10\/iglesia-de-santa-maria-del-vado\/\"><em><strong>la iglesia<\/strong><\/em><\/a>,\u2026 y no hubiera quedado incomunicado.<\/p>\n<p><em><strong>Lar-ami<\/strong><\/em><\/p>\n","protected":false},"excerpt":{"rendered":"<p>El nombre de este pueblo abandonado responde a su funci\u00f3n: era el \u00fanico lugar en muchos kil\u00f3metros a la redonda por donde se pod\u00eda cruzar el r\u00edo Jarama, (desde su nacimiento hasta la vega de Bonaval el r\u00edo va encajonado), que entonces ven\u00eda grande. Sin embargo la primera imagen que recibe el visitante es un &hellip; <\/p>\n<p class=\"link-more\"><a href=\"https:\/\/blog.sierranortedeguadalajara.com\/?p=17063\" class=\"more-link\">Seguir leyendo<span class=\"screen-reader-text\"> \u00abLas contradicciones de El Vado\u00bb<\/span><\/a><\/p>\n","protected":false},"author":1,"featured_media":0,"comment_status":"open","ping_status":"open","sticky":false,"template":"","format":"standard","meta":{"footnotes":""},"categories":[12,17],"tags":[2,4,26,5,7,10,21],"class_list":["post-17063","post","type-post","status-publish","format-standard","hentry","category-actualidad","category-paisajes-y-lugares-de-la-sierra-norte","tag-actualidad","tag-cultura","tag-el-vado","tag-historia","tag-naturaleza","tag-sierra-norte","tag-tamajon","entry"],"_links":{"self":[{"href":"https:\/\/blog.sierranortedeguadalajara.com\/index.php?rest_route=\/wp\/v2\/posts\/17063","targetHints":{"allow":["GET"]}}],"collection":[{"href":"https:\/\/blog.sierranortedeguadalajara.com\/index.php?rest_route=\/wp\/v2\/posts"}],"about":[{"href":"https:\/\/blog.sierranortedeguadalajara.com\/index.php?rest_route=\/wp\/v2\/types\/post"}],"author":[{"embeddable":true,"href":"https:\/\/blog.sierranortedeguadalajara.com\/index.php?rest_route=\/wp\/v2\/users\/1"}],"replies":[{"embeddable":true,"href":"https:\/\/blog.sierranortedeguadalajara.com\/index.php?rest_route=%2Fwp%2Fv2%2Fcomments&post=17063"}],"version-history":[{"count":1,"href":"https:\/\/blog.sierranortedeguadalajara.com\/index.php?rest_route=\/wp\/v2\/posts\/17063\/revisions"}],"predecessor-version":[{"id":27384,"href":"https:\/\/blog.sierranortedeguadalajara.com\/index.php?rest_route=\/wp\/v2\/posts\/17063\/revisions\/27384"}],"wp:attachment":[{"href":"https:\/\/blog.sierranortedeguadalajara.com\/index.php?rest_route=%2Fwp%2Fv2%2Fmedia&parent=17063"}],"wp:term":[{"taxonomy":"category","embeddable":true,"href":"https:\/\/blog.sierranortedeguadalajara.com\/index.php?rest_route=%2Fwp%2Fv2%2Fcategories&post=17063"},{"taxonomy":"post_tag","embeddable":true,"href":"https:\/\/blog.sierranortedeguadalajara.com\/index.php?rest_route=%2Fwp%2Fv2%2Ftags&post=17063"}],"curies":[{"name":"wp","href":"https:\/\/api.w.org\/{rel}","templated":true}]}}