{"id":17058,"date":"2016-03-08T00:05:45","date_gmt":"2016-03-07T23:05:45","guid":{"rendered":"http:\/\/blog.laveredadepuebla.com\/?p=17058"},"modified":"2023-02-10T12:15:48","modified_gmt":"2023-02-10T12:15:48","slug":"mapa-interactivo-de-la-serrania-celtiberica","status":"publish","type":"post","link":"https:\/\/blog.sierranortedeguadalajara.com\/?p=17058","title":{"rendered":"Mapa interactivo de la Serran\u00eda Celtib\u00e9rica"},"content":{"rendered":"<p>Tardaremos muchos a\u00f1os en valorar el extraordinario trabajo del <a href=\"http:\/\/www.celtiberica.es\/\"><em><strong>Profesor Burillo<\/strong><\/em><\/a> <em>(elegido <a href=\"http:\/\/serraniadeguadalajara.com\/\"><strong>Serrano del A\u00f1o<\/strong><\/a> en 2.015)<\/em> para conseguir el reconocimiento en la C.E.E. de la <a href=\"https:\/\/blog.laveredadepuebla.com\/2015\/12\/18\/serrania-celtiberica\/\"><em><strong>Serran\u00eda Celtib\u00e9rica<\/strong> <\/em><\/a>como <span style=\"color:#800000;\"><em><strong>Regi\u00f3n Escasamente Poblada, Monta\u00f1osa y Rural Remota. <\/strong><\/em><\/span>Si as\u00ed fuera, podr\u00eda optar a los Fondo Estructurales para las regiones m\u00e1s desfavorecidas de Europa. Esto supondr\u00eda inversiones imprescindibles para el desarrollo sostenible de la <a href=\"http:\/\/sierranortedeguadalajara.com\"><em><strong>Sierra Norte<\/strong> <\/em><\/a>y frenar su despoblaci\u00f3n.<\/p>\n<p><img loading=\"lazy\" decoding=\"async\" class=\"alignright size-medium wp-image-17059\" src=\"https:\/\/blog.sierranortedeguadalajara.com\/wp-content\/uploads\/2023\/02\/160308-mapa-interactivo.jpg\" alt=\"160308 mapa interactivo\" width=\"300\" height=\"200\" \/>El profesor ha divulgado un<a href=\"http:\/\/interaktiv.morgenpost.de\/europakarte\/#7\/40.091\/-1.011\/en\"><strong><em> mapa interactivo de la evoluci\u00f3n demogr\u00e1f\u00edca (2.001-2.011) de Europa<\/em> <\/strong><\/a>donde se observa el retroceso de la Sierra Norte. La poblaci\u00f3n <em>(de derecho, que no de hecho)<\/em> solo ha aumentado en 8 municipios de los m\u00e1s de 60 que conforman la sierra; en el resto ha bajado y\/o, en el mejor de los casos, se ha mantenido. En conjunto <span style=\"color:#800000;\"><strong>la comarca ha perdido el 2% de poblaci\u00f3n en este periodo<\/strong><\/span>.<\/p>\n<p>Conviene recordar que estas cifras est\u00e1n suavizadas. Muchos ayuntamientos han hecho campa\u00f1as para empadronar a propietarios de inmuebles y\/o tierras en el pueblo para obtener m\u00e1s ayudas de las Administraciones.<\/p>\n<p><em><strong>Lar-ami<\/strong><\/em><\/p>\n","protected":false},"excerpt":{"rendered":"<p>Tardaremos muchos a\u00f1os en valorar el extraordinario trabajo del Profesor Burillo (elegido Serrano del A\u00f1o en 2.015) para conseguir el reconocimiento en la C.E.E. de la Serran\u00eda Celtib\u00e9rica como Regi\u00f3n Escasamente Poblada, Monta\u00f1osa y Rural Remota. Si as\u00ed fuera, podr\u00eda optar a los Fondo Estructurales para las regiones m\u00e1s desfavorecidas de Europa. Esto supondr\u00eda inversiones &hellip; <\/p>\n<p class=\"link-more\"><a href=\"https:\/\/blog.sierranortedeguadalajara.com\/?p=17058\" class=\"more-link\">Seguir leyendo<span class=\"screen-reader-text\"> \u00abMapa interactivo de la Serran\u00eda Celtib\u00e9rica\u00bb<\/span><\/a><\/p>\n","protected":false},"author":1,"featured_media":0,"comment_status":"open","ping_status":"open","sticky":false,"template":"","format":"standard","meta":{"footnotes":""},"categories":[12,6,15],"tags":[2,4,7,10],"class_list":["post-17058","post","type-post","status-publish","format-standard","hentry","category-actualidad","category-mundo-rural","category-rincones-de-guadalajara","tag-actualidad","tag-cultura","tag-naturaleza","tag-sierra-norte","entry"],"_links":{"self":[{"href":"https:\/\/blog.sierranortedeguadalajara.com\/index.php?rest_route=\/wp\/v2\/posts\/17058","targetHints":{"allow":["GET"]}}],"collection":[{"href":"https:\/\/blog.sierranortedeguadalajara.com\/index.php?rest_route=\/wp\/v2\/posts"}],"about":[{"href":"https:\/\/blog.sierranortedeguadalajara.com\/index.php?rest_route=\/wp\/v2\/types\/post"}],"author":[{"embeddable":true,"href":"https:\/\/blog.sierranortedeguadalajara.com\/index.php?rest_route=\/wp\/v2\/users\/1"}],"replies":[{"embeddable":true,"href":"https:\/\/blog.sierranortedeguadalajara.com\/index.php?rest_route=%2Fwp%2Fv2%2Fcomments&post=17058"}],"version-history":[{"count":1,"href":"https:\/\/blog.sierranortedeguadalajara.com\/index.php?rest_route=\/wp\/v2\/posts\/17058\/revisions"}],"predecessor-version":[{"id":27385,"href":"https:\/\/blog.sierranortedeguadalajara.com\/index.php?rest_route=\/wp\/v2\/posts\/17058\/revisions\/27385"}],"wp:attachment":[{"href":"https:\/\/blog.sierranortedeguadalajara.com\/index.php?rest_route=%2Fwp%2Fv2%2Fmedia&parent=17058"}],"wp:term":[{"taxonomy":"category","embeddable":true,"href":"https:\/\/blog.sierranortedeguadalajara.com\/index.php?rest_route=%2Fwp%2Fv2%2Fcategories&post=17058"},{"taxonomy":"post_tag","embeddable":true,"href":"https:\/\/blog.sierranortedeguadalajara.com\/index.php?rest_route=%2Fwp%2Fv2%2Ftags&post=17058"}],"curies":[{"name":"wp","href":"https:\/\/api.w.org\/{rel}","templated":true}]}}