{"id":17047,"date":"2016-03-04T00:05:00","date_gmt":"2016-03-03T23:05:00","guid":{"rendered":"http:\/\/blog.laveredadepuebla.com\/?p=17047"},"modified":"2023-02-10T12:15:49","modified_gmt":"2023-02-10T12:15:49","slug":"la-serrania-celtiberica-llega-a-las-cortes","status":"publish","type":"post","link":"https:\/\/blog.sierranortedeguadalajara.com\/?p=17047","title":{"rendered":"La Serran\u00eda Celtib\u00e9rica llega a las Cortes"},"content":{"rendered":"<p><em>El <a href=\"http:\/\/www.congreso.es\/portal\/page\/portal\/Congreso\/Congreso\/Publicaciones\/IndPub\"><strong>Bolet\u00edn Oficial de las Cortes Generales<\/strong><\/a> (BOCG)<\/em> del 20 octubre 2.015 recoge la <a href=\"http:\/\/www.congreso.es\/public_oficiales\/L10\/CORT\/BOCG\/A\/BOCG-10-CG-A-433.PDF\"><strong><em>Proposici\u00f3n no de Ley sobre el Proyecto Serran\u00eda Celtib\u00e9rica contra la despoblaci\u00f3n,<\/em><\/strong><\/a> <span style=\"color:#800000;\"><strong>propuesta por el grupo de IU y aprobada el d\u00eda 8 del mismo mes por la Comisi\u00f3n Mixta para la Uni\u00f3n Europea<\/strong><\/span> \u2026 que insta al Gobierno a:<\/p>\n<p>1. Que se trabaje por reconocer la <a href=\"http:\/\/www.celtiberica.es\/\"><em><strong>identidad interregional de la Serran\u00eda Celtib\u00e9rica<\/strong><\/em><\/a>, en el marco de la <span style=\"color:#800000;\"><strong>Europa de las Regiones, como Regi\u00f3n Escasamente Poblada, Regi\u00f3n Monta\u00f1osa y Zona Rural Remota.<\/strong><\/span><\/p>\n<p>2. Que se impulse que la <span style=\"color:#800000;\"><strong>cultura celtib\u00e9rica<\/strong> <\/span>sea declarada y reconocida como <span style=\"color:#800000;\"><strong>Patrimonio de la Humanidad.<img loading=\"lazy\" decoding=\"async\" class=\"alignright size-medium wp-image-16717\" src=\"https:\/\/blog.sierranortedeguadalajara.com\/wp-content\/uploads\/2023\/02\/151218-serrania-2.jpg\" alt=\"151218 serrania 2\" width=\"274\" height=\"300\" \/><\/strong><\/span><\/p>\n<p>3. Impulsar la creaci\u00f3n del <a href=\"https:\/\/blog.laveredadepuebla.com\/2015\/12\/18\/serrania-celtiberica\/\"><strong><em>\u201cInstituto de Investigaci\u00f3n de Desarrollo Rural \u2018Serran\u00eda Celtib\u00e9rica\u2019\u201d<\/em> <\/strong><\/a>\u2026como centro piloto y de excelencia para la transferencia de I+D+i al desarrollo rural.<\/p>\n<p>4. Colaborar e impulsar con las Comunidades Aut\u00f3nomas implicadas para que las mismas, dentro de sus competencias, declaren la <span style=\"color:#800000;\"><strong>Serran\u00eda Celtib\u00e9rica como Inversi\u00f3n Territorial Integrada.<\/strong><\/span><\/p>\n<p>5.Que se <span style=\"color:#800000;\"><strong>pongan en marcha las medidas previstas<\/strong><\/span> en el Informe de la Comisi\u00f3n especial de Estudio creada en el Senado sobre las medidas a desarrollar para evitar la <span style=\"color:#800000;\"><em>Despoblaci\u00f3n de las Zonas de Monta\u00f1a aprobadas en Pleno de 9 de julio pasado por unanimidad.<\/em><\/span>\u00bb<\/p>\n<p>El texto completo est\u00e1 en la web de <a href=\"http:\/\/www.congreso.es\/public_oficiales\/L10\/CORT\/BOCG\/A\/BOCG-10-CG-A-433.PDF\"><strong><em>Serran\u00eda Celtib\u00e9rica<\/em><\/strong><\/a>. Ojal\u00e1 este <a href=\"https:\/\/blog.laveredadepuebla.com\/2015\/12\/18\/serrania-celtiberica\/\"><em><strong>breve resumen<\/strong><\/em><\/a> sirva para que tomemos conciencia de su importancia para la <a href=\"http:\/\/www.sierranortedeguadalajara.com\"><strong><em>Sierra Norte<\/em> <\/strong><\/a>y de lo mucho que queda por hacer. Y sobre todo <span style=\"color:#800000;\"><strong>para que nuestros pol\u00edticos<\/strong><\/span>, sean del signo que sean, <span style=\"color:#800000;\"><strong>no se olviden del proyecto.<\/strong><\/span><\/p>\n<p><em><strong>Lar-ami<\/strong><\/em><\/p>\n","protected":false},"excerpt":{"rendered":"<p>El Bolet\u00edn Oficial de las Cortes Generales (BOCG) del 20 octubre 2.015 recoge la Proposici\u00f3n no de Ley sobre el Proyecto Serran\u00eda Celtib\u00e9rica contra la despoblaci\u00f3n, propuesta por el grupo de IU y aprobada el d\u00eda 8 del mismo mes por la Comisi\u00f3n Mixta para la Uni\u00f3n Europea \u2026 que insta al Gobierno a: 1. &hellip; <\/p>\n<p class=\"link-more\"><a href=\"https:\/\/blog.sierranortedeguadalajara.com\/?p=17047\" class=\"more-link\">Seguir leyendo<span class=\"screen-reader-text\"> \u00abLa Serran\u00eda Celtib\u00e9rica llega a las Cortes\u00bb<\/span><\/a><\/p>\n","protected":false},"author":1,"featured_media":0,"comment_status":"open","ping_status":"open","sticky":false,"template":"","format":"standard","meta":{"footnotes":""},"categories":[12,6],"tags":[2,4,5,7,10],"class_list":["post-17047","post","type-post","status-publish","format-standard","hentry","category-actualidad","category-mundo-rural","tag-actualidad","tag-cultura","tag-historia","tag-naturaleza","tag-sierra-norte","entry"],"_links":{"self":[{"href":"https:\/\/blog.sierranortedeguadalajara.com\/index.php?rest_route=\/wp\/v2\/posts\/17047","targetHints":{"allow":["GET"]}}],"collection":[{"href":"https:\/\/blog.sierranortedeguadalajara.com\/index.php?rest_route=\/wp\/v2\/posts"}],"about":[{"href":"https:\/\/blog.sierranortedeguadalajara.com\/index.php?rest_route=\/wp\/v2\/types\/post"}],"author":[{"embeddable":true,"href":"https:\/\/blog.sierranortedeguadalajara.com\/index.php?rest_route=\/wp\/v2\/users\/1"}],"replies":[{"embeddable":true,"href":"https:\/\/blog.sierranortedeguadalajara.com\/index.php?rest_route=%2Fwp%2Fv2%2Fcomments&post=17047"}],"version-history":[{"count":1,"href":"https:\/\/blog.sierranortedeguadalajara.com\/index.php?rest_route=\/wp\/v2\/posts\/17047\/revisions"}],"predecessor-version":[{"id":27389,"href":"https:\/\/blog.sierranortedeguadalajara.com\/index.php?rest_route=\/wp\/v2\/posts\/17047\/revisions\/27389"}],"wp:attachment":[{"href":"https:\/\/blog.sierranortedeguadalajara.com\/index.php?rest_route=%2Fwp%2Fv2%2Fmedia&parent=17047"}],"wp:term":[{"taxonomy":"category","embeddable":true,"href":"https:\/\/blog.sierranortedeguadalajara.com\/index.php?rest_route=%2Fwp%2Fv2%2Fcategories&post=17047"},{"taxonomy":"post_tag","embeddable":true,"href":"https:\/\/blog.sierranortedeguadalajara.com\/index.php?rest_route=%2Fwp%2Fv2%2Ftags&post=17047"}],"curies":[{"name":"wp","href":"https:\/\/api.w.org\/{rel}","templated":true}]}}