{"id":17019,"date":"2016-02-29T00:05:58","date_gmt":"2016-02-28T23:05:58","guid":{"rendered":"http:\/\/blog.laveredadepuebla.com\/?p=17019"},"modified":"2023-02-10T12:15:51","modified_gmt":"2023-02-10T12:15:51","slug":"el-casco-urbano-de-el-vado-abandonado","status":"publish","type":"post","link":"https:\/\/blog.sierranortedeguadalajara.com\/?p=17019","title":{"rendered":"El casco urbano de El Vado (abandonado)"},"content":{"rendered":"<p>Algunos me llamar\u00e1n nost\u00e1lgico y otros rom\u00e1ntico, pero me reconocer\u00e1n que el trazado del <a href=\"https:\/\/blog.laveredadepuebla.com\/2009\/12\/04\/el-vado-pueblo-abandonado\/\"><em><strong>pueblo abandonado de El Vad<\/strong><\/em><\/a><strong><em><a href=\"https:\/\/blog.laveredadepuebla.com\/2009\/12\/04\/el-vado-pueblo-abandonado\/\">o<\/a><\/em><\/strong> es un ejemplo de urbanismo bien hecho.<img loading=\"lazy\" decoding=\"async\" class=\"aligncenter size-large wp-image-17020\" src=\"https:\/\/blog.sierranortedeguadalajara.com\/wp-content\/uploads\/2023\/02\/160229-cascour-2.jpg\" alt=\"160229 cascour 2\" width=\"500\" height=\"375\" \/><img loading=\"lazy\" decoding=\"async\" class=\"alignright wp-image-17021\" src=\"https:\/\/blog.sierranortedeguadalajara.com\/wp-content\/uploads\/2023\/02\/160229-cascour-1.jpg\" alt=\"160229 cascour 1\" width=\"240\" height=\"180\" \/>Aunque las im\u00e1genes hablan por si mismas <em>(basta dedicarles algo de tiempo)<\/em>, perm\u00edtanme que se\u00f1ale algunos detalles interesantes: <span style=\"color:#800000;\"><em>dos barrancos separan el casco urbano de los corrales, que est\u00e1n situados a los pies de la fuente; dos caminos parten desde ah\u00ed hasta el ri\u00f3 y al casco urbano por las afueras del pueblo, \u2026<\/em><\/span><\/p>\n<p><img loading=\"lazy\" decoding=\"async\" class=\"alignleft wp-image-17022\" src=\"https:\/\/blog.sierranortedeguadalajara.com\/wp-content\/uploads\/2023\/02\/160229-cascour-4.jpg\" alt=\"160229 cascour 4\" width=\"240\" height=\"180\" \/>La ubicaci\u00f3n de las eras y de <a href=\"http:\/\/blog.laveredadepuebla.com\/2009\/11\/10\/iglesia-de-santa-maria-del-vado\/\"><em><strong>la iglesia<\/strong><\/em><\/a><em> (en el cerro de la Muela, dominando el paisaje)<\/em>, el acabado de las casas m\u00e1s principales <em>(perceptible en los muros, las esquinas y los huecos de puertas y ventanas)<\/em>, el <a href=\"https:\/\/blog.laveredadepuebla.com\/2009\/12\/05\/el-vado-pueblo-abandonado-ii\/\"><em><strong>trazado de las calles y caminos<\/strong><\/em><\/a>,\u2026 nos muestran que este urbanismo <em>(de origen medieval)<\/em> se adecuaba a las necesidades de la poblaci\u00f3n.<\/p>\n<p><span style=\"color:#800000;\"><em><strong>\u00a1Ya nos gustar\u00eda que nuestras ciudades, tan modernas, respondieran a estos mismos criterios!<\/strong><\/em><\/span><\/p>\n<p><em><strong>Lar-ami<\/strong><\/em><\/p>\n","protected":false},"excerpt":{"rendered":"<p>Algunos me llamar\u00e1n nost\u00e1lgico y otros rom\u00e1ntico, pero me reconocer\u00e1n que el trazado del pueblo abandonado de El Vado es un ejemplo de urbanismo bien hecho.Aunque las im\u00e1genes hablan por si mismas (basta dedicarles algo de tiempo), perm\u00edtanme que se\u00f1ale algunos detalles interesantes: dos barrancos separan el casco urbano de los corrales, que est\u00e1n situados &hellip; <\/p>\n<p class=\"link-more\"><a href=\"https:\/\/blog.sierranortedeguadalajara.com\/?p=17019\" class=\"more-link\">Seguir leyendo<span class=\"screen-reader-text\"> \u00abEl casco urbano de El Vado (abandonado)\u00bb<\/span><\/a><\/p>\n","protected":false},"author":1,"featured_media":0,"comment_status":"open","ping_status":"open","sticky":false,"template":"","format":"standard","meta":{"footnotes":""},"categories":[12,6,15],"tags":[2,100,4,26,5,7,10],"class_list":["post-17019","post","type-post","status-publish","format-standard","hentry","category-actualidad","category-mundo-rural","category-rincones-de-guadalajara","tag-actualidad","tag-costumbres-y-tradiciones","tag-cultura","tag-el-vado","tag-historia","tag-naturaleza","tag-sierra-norte","entry"],"_links":{"self":[{"href":"https:\/\/blog.sierranortedeguadalajara.com\/index.php?rest_route=\/wp\/v2\/posts\/17019","targetHints":{"allow":["GET"]}}],"collection":[{"href":"https:\/\/blog.sierranortedeguadalajara.com\/index.php?rest_route=\/wp\/v2\/posts"}],"about":[{"href":"https:\/\/blog.sierranortedeguadalajara.com\/index.php?rest_route=\/wp\/v2\/types\/post"}],"author":[{"embeddable":true,"href":"https:\/\/blog.sierranortedeguadalajara.com\/index.php?rest_route=\/wp\/v2\/users\/1"}],"replies":[{"embeddable":true,"href":"https:\/\/blog.sierranortedeguadalajara.com\/index.php?rest_route=%2Fwp%2Fv2%2Fcomments&post=17019"}],"version-history":[{"count":1,"href":"https:\/\/blog.sierranortedeguadalajara.com\/index.php?rest_route=\/wp\/v2\/posts\/17019\/revisions"}],"predecessor-version":[{"id":27401,"href":"https:\/\/blog.sierranortedeguadalajara.com\/index.php?rest_route=\/wp\/v2\/posts\/17019\/revisions\/27401"}],"wp:attachment":[{"href":"https:\/\/blog.sierranortedeguadalajara.com\/index.php?rest_route=%2Fwp%2Fv2%2Fmedia&parent=17019"}],"wp:term":[{"taxonomy":"category","embeddable":true,"href":"https:\/\/blog.sierranortedeguadalajara.com\/index.php?rest_route=%2Fwp%2Fv2%2Fcategories&post=17019"},{"taxonomy":"post_tag","embeddable":true,"href":"https:\/\/blog.sierranortedeguadalajara.com\/index.php?rest_route=%2Fwp%2Fv2%2Ftags&post=17019"}],"curies":[{"name":"wp","href":"https:\/\/api.w.org\/{rel}","templated":true}]}}