{"id":16998,"date":"2016-02-23T00:05:34","date_gmt":"2016-02-22T23:05:34","guid":{"rendered":"http:\/\/blog.laveredadepuebla.com\/?p=16998"},"modified":"2023-02-10T12:15:54","modified_gmt":"2023-02-10T12:15:54","slug":"colores-tras-la-lluvia-en-la-sierra-norte","status":"publish","type":"post","link":"https:\/\/blog.sierranortedeguadalajara.com\/?p=16998","title":{"rendered":"Colores tras la lluvia en la Sierra Norte"},"content":{"rendered":"<p><img loading=\"lazy\" decoding=\"async\" class=\"alignleft wp-image-16999\" src=\"https:\/\/blog.sierranortedeguadalajara.com\/wp-content\/uploads\/2023\/02\/160223-colores-1.jpg\" alt=\"160223 colores 1\" width=\"180\" height=\"240\" \/><img loading=\"lazy\" decoding=\"async\" class=\"alignright wp-image-17000\" src=\"https:\/\/blog.sierranortedeguadalajara.com\/wp-content\/uploads\/2023\/02\/160223-colores-2.jpg\" alt=\"160223 colores 2\" width=\"180\" height=\"240\" \/>Dicen que cuando el caminante conoce bien un lugar, se producen dos fen\u00f3menos curiosos y, a veces, excluyentes: <span style=\"color:#800000;\"><strong>la indiferencia<\/strong> <\/span>porque nada llama su atenci\u00f3n y la <span style=\"color:#800000;\"><strong>observaci\u00f3n selectiva<\/strong><\/span>, porque descubre detalles que antes le pasaban desapercibidos.<\/p>\n<p>Algunos comentan que cuando las circunstancias cambian, <span style=\"color:#800000;\"><em>la indiferencia puede dar paso a la <strong>observaci\u00f3n selectiva<\/strong>.<\/em> <em>Y si la observaci\u00f3n selectiva no encuentra nada nuevo, aparece <strong>la indiferencia<\/strong>.<\/em><\/span><\/p>\n<p><img loading=\"lazy\" decoding=\"async\" class=\"alignleft wp-image-17001\" src=\"https:\/\/blog.sierranortedeguadalajara.com\/wp-content\/uploads\/2023\/02\/160223-colores-3.jpg\" alt=\"160223 colores 3\" width=\"180\" height=\"240\" \/><img loading=\"lazy\" decoding=\"async\" class=\"alignright size-medium wp-image-17002\" src=\"https:\/\/blog.sierranortedeguadalajara.com\/wp-content\/uploads\/2023\/02\/160223-colores-4.jpg\" alt=\"160223 colores 4\" width=\"300\" height=\"225\" \/>\u00bfYo? \u00bfEn que situaci\u00f3n me encuentro, ahora? \u2026 <span style=\"color:#800000;\"><em>No sabr\u00eda decirte.<\/em><\/span><\/p>\n<p><em><strong>Lar-ami<\/strong><\/em><\/p>\n","protected":false},"excerpt":{"rendered":"<p>Dicen que cuando el caminante conoce bien un lugar, se producen dos fen\u00f3menos curiosos y, a veces, excluyentes: la indiferencia porque nada llama su atenci\u00f3n y la observaci\u00f3n selectiva, porque descubre detalles que antes le pasaban desapercibidos. Algunos comentan que cuando las circunstancias cambian, la indiferencia puede dar paso a la observaci\u00f3n selectiva. Y si &hellip; <\/p>\n<p class=\"link-more\"><a href=\"https:\/\/blog.sierranortedeguadalajara.com\/?p=16998\" class=\"more-link\">Seguir leyendo<span class=\"screen-reader-text\"> \u00abColores tras la lluvia en la Sierra Norte\u00bb<\/span><\/a><\/p>\n","protected":false},"author":1,"featured_media":0,"comment_status":"open","ping_status":"open","sticky":false,"template":"","format":"standard","meta":{"footnotes":""},"categories":[12,6,17],"tags":[2,7,8,10],"class_list":["post-16998","post","type-post","status-publish","format-standard","hentry","category-actualidad","category-mundo-rural","category-paisajes-y-lugares-de-la-sierra-norte","tag-actualidad","tag-naturaleza","tag-puebla-de-valles","tag-sierra-norte","entry"],"_links":{"self":[{"href":"https:\/\/blog.sierranortedeguadalajara.com\/index.php?rest_route=\/wp\/v2\/posts\/16998","targetHints":{"allow":["GET"]}}],"collection":[{"href":"https:\/\/blog.sierranortedeguadalajara.com\/index.php?rest_route=\/wp\/v2\/posts"}],"about":[{"href":"https:\/\/blog.sierranortedeguadalajara.com\/index.php?rest_route=\/wp\/v2\/types\/post"}],"author":[{"embeddable":true,"href":"https:\/\/blog.sierranortedeguadalajara.com\/index.php?rest_route=\/wp\/v2\/users\/1"}],"replies":[{"embeddable":true,"href":"https:\/\/blog.sierranortedeguadalajara.com\/index.php?rest_route=%2Fwp%2Fv2%2Fcomments&post=16998"}],"version-history":[{"count":1,"href":"https:\/\/blog.sierranortedeguadalajara.com\/index.php?rest_route=\/wp\/v2\/posts\/16998\/revisions"}],"predecessor-version":[{"id":27416,"href":"https:\/\/blog.sierranortedeguadalajara.com\/index.php?rest_route=\/wp\/v2\/posts\/16998\/revisions\/27416"}],"wp:attachment":[{"href":"https:\/\/blog.sierranortedeguadalajara.com\/index.php?rest_route=%2Fwp%2Fv2%2Fmedia&parent=16998"}],"wp:term":[{"taxonomy":"category","embeddable":true,"href":"https:\/\/blog.sierranortedeguadalajara.com\/index.php?rest_route=%2Fwp%2Fv2%2Fcategories&post=16998"},{"taxonomy":"post_tag","embeddable":true,"href":"https:\/\/blog.sierranortedeguadalajara.com\/index.php?rest_route=%2Fwp%2Fv2%2Ftags&post=16998"}],"curies":[{"name":"wp","href":"https:\/\/api.w.org\/{rel}","templated":true}]}}