{"id":16990,"date":"2016-02-22T00:05:29","date_gmt":"2016-02-21T23:05:29","guid":{"rendered":"http:\/\/blog.laveredadepuebla.com\/?p=16990"},"modified":"2023-02-10T12:15:55","modified_gmt":"2023-02-10T12:15:55","slug":"algunos-detalles-de-santa-maria-del-vado","status":"publish","type":"post","link":"https:\/\/blog.sierranortedeguadalajara.com\/?p=16990","title":{"rendered":"Algunos detalles de Santa Mar\u00eda del Vado"},"content":{"rendered":"<p>Este <a href=\"http:\/\/blog.laveredadepuebla.com\/2009\/11\/10\/iglesia-de-santa-maria-del-vado\/\"><em><strong>singular templo<\/strong><\/em><\/a> tiene dos entradas. La portada sur, o<span style=\"color:#800000;\"><em><strong> \u00abpuerta del Sol\u00bb,<\/strong><\/em><\/span> se abre a una peque\u00f1a meseta junto al escarpado <span style=\"color:#800000;\"><em><strong>barranco de Vallosera<\/strong><\/em><\/span>. De peque\u00f1o tama\u00f1o, est\u00e1 realizada con sillares de <a href=\"https:\/\/blog.laveredadepuebla.com\/2009\/10\/03\/la-cantera-de-tamajon\/\"><em><strong>piedra de Tamaj\u00f3n<\/strong><\/em><\/a>, <em>cortados ad hoc,<\/em> formando un arco de medio punto. Quiz\u00e1s fue realizado por<strong> Juan de Lezcano<\/strong>, <span style=\"color:#800000;\"><em>cantero de Tamaj\u00f3n<\/em><\/span> que hizo los pilares de la iglesia en <strong>1.544<\/strong>.<\/p>\n<p><span style=\"color:#800000;\"><em><strong><img loading=\"lazy\" decoding=\"async\" class=\"alignleft wp-image-16991\" src=\"https:\/\/blog.sierranortedeguadalajara.com\/wp-content\/uploads\/2023\/02\/160222-detalles-1.jpg\" alt=\"160222 detalles 1\" width=\"240\" height=\"180\" \/><img loading=\"lazy\" decoding=\"async\" class=\"alignright wp-image-16992\" src=\"https:\/\/blog.sierranortedeguadalajara.com\/wp-content\/uploads\/2023\/02\/160222-detalles-2.jpg\" alt=\"160222 detalles 2\" width=\"240\" height=\"180\" \/>La portada norte<\/strong><\/em><\/span> <em>(la principal; aqu\u00ed termina el camino que viene del pueblo entre muros de pizarra)<\/em> con un arco de medio punto con gran dovelaje y cornisa de car\u00e1cter clasicista. Se abre a un p\u00f3rtico cerrado, que seg\u00fan el <a href=\"http:\/\/hijosdelavereda.blogspot.com.es\/2010\/07\/santa-maria-del-vado-ii.html\"><em><strong>Libro de Cuentas<\/strong> <\/em><\/a>data de<strong> 1.561<\/strong>: <span style=\"color:#800000;\"><em>\u00abse haga una pared para meter el portal en la iglesia, para el ornato de la iglesia y para que puedan caber los parroquianos\u00bb<\/em><\/span><\/p>\n<p><a href=\"http:\/\/hijosdelavereda.blogspot.com.es\/2011\/03\/el-patrimonio-perdido-iv-iglesia-de.html\"><strong><em><img loading=\"lazy\" decoding=\"async\" class=\"alignleft wp-image-16993\" src=\"https:\/\/blog.sierranortedeguadalajara.com\/wp-content\/uploads\/2023\/02\/160222-detalles-3.jpg\" alt=\"160222 detalles 3\" width=\"158\" height=\"210\" \/><img loading=\"lazy\" decoding=\"async\" class=\"alignright wp-image-16994\" src=\"https:\/\/blog.sierranortedeguadalajara.com\/wp-content\/uploads\/2023\/02\/160222-detalles-4.jpg\" alt=\"160222 detalles 4\" width=\"158\" height=\"210\" \/>Adosado al lado norte<\/em> <\/strong><\/a>est\u00e1n las ruinas del cementerio, de dos cuerpos separados por un murete de pizarra <span style=\"color:#800000;\"><em>para los infantes y de mayore<\/em><\/span>s. Cuatro contrafuertes de caliza sostienen la cabecera del templo, mientras los muros son de pizarra. Salvo las esquinas que est\u00e1n formadas por sillares calizos contrapeados, muy visibles en la fachada occidental.<\/p>\n<p><img loading=\"lazy\" decoding=\"async\" class=\"alignleft wp-image-16995\" src=\"https:\/\/blog.sierranortedeguadalajara.com\/wp-content\/uploads\/2023\/02\/160222-detalles-5.jpg\" alt=\"160222 detalles 5\" width=\"158\" height=\"210\" \/><img loading=\"lazy\" decoding=\"async\" class=\"alignright wp-image-16996\" src=\"https:\/\/blog.sierranortedeguadalajara.com\/wp-content\/uploads\/2023\/02\/160222-detalles-6.jpg\" alt=\"160222 detalles 6\" width=\"240\" height=\"180\" \/>Las ventanas son muy curiosas: de <span style=\"color:#800000;\"><em>sillares de caliza<\/em><\/span> <em>(sacrist\u00eda)<\/em>, de<span style=\"color:#800000;\"><em> pizarra sin enmarcar<\/em><\/span> <em>(hay varias)<\/em> y <em><span style=\"color:#800000;\">enmarcada en ladrillo<\/span><\/em> <em>(y descentrada, posiblemente porque son muy posterior)<\/em> en la fachada de la espada\u00f1a. Hab\u00eda dos campanas que fueron adobadas <em>(afinadas)<\/em> en <strong>1.603<\/strong> por <strong>Juan Lozano de Tamaj\u00f3n<\/strong>. Una vez m\u00e1s, nuestro agradecimiento a la <a href=\"http:\/\/hijosdelavereda.blogspot.com.es\"><strong><em>A.C. Hijos de la Vered<\/em><\/strong><\/a>a que han documentado y divulgado esta informaci\u00f3n.<\/p>\n<p><em><strong>Lar-ami<\/strong><\/em><\/p>\n","protected":false},"excerpt":{"rendered":"<p>Este singular templo tiene dos entradas. La portada sur, o \u00abpuerta del Sol\u00bb, se abre a una peque\u00f1a meseta junto al escarpado barranco de Vallosera. De peque\u00f1o tama\u00f1o, est\u00e1 realizada con sillares de piedra de Tamaj\u00f3n, cortados ad hoc, formando un arco de medio punto. Quiz\u00e1s fue realizado por Juan de Lezcano, cantero de Tamaj\u00f3n &hellip; <\/p>\n<p class=\"link-more\"><a href=\"https:\/\/blog.sierranortedeguadalajara.com\/?p=16990\" class=\"more-link\">Seguir leyendo<span class=\"screen-reader-text\"> \u00abAlgunos detalles de Santa Mar\u00eda del Vado\u00bb<\/span><\/a><\/p>\n","protected":false},"author":1,"featured_media":0,"comment_status":"open","ping_status":"open","sticky":false,"template":"","format":"standard","meta":{"footnotes":""},"categories":[12,17],"tags":[2,100,4,26,5,10],"class_list":["post-16990","post","type-post","status-publish","format-standard","hentry","category-actualidad","category-paisajes-y-lugares-de-la-sierra-norte","tag-actualidad","tag-costumbres-y-tradiciones","tag-cultura","tag-el-vado","tag-historia","tag-sierra-norte","entry"],"_links":{"self":[{"href":"https:\/\/blog.sierranortedeguadalajara.com\/index.php?rest_route=\/wp\/v2\/posts\/16990","targetHints":{"allow":["GET"]}}],"collection":[{"href":"https:\/\/blog.sierranortedeguadalajara.com\/index.php?rest_route=\/wp\/v2\/posts"}],"about":[{"href":"https:\/\/blog.sierranortedeguadalajara.com\/index.php?rest_route=\/wp\/v2\/types\/post"}],"author":[{"embeddable":true,"href":"https:\/\/blog.sierranortedeguadalajara.com\/index.php?rest_route=\/wp\/v2\/users\/1"}],"replies":[{"embeddable":true,"href":"https:\/\/blog.sierranortedeguadalajara.com\/index.php?rest_route=%2Fwp%2Fv2%2Fcomments&post=16990"}],"version-history":[{"count":1,"href":"https:\/\/blog.sierranortedeguadalajara.com\/index.php?rest_route=\/wp\/v2\/posts\/16990\/revisions"}],"predecessor-version":[{"id":27423,"href":"https:\/\/blog.sierranortedeguadalajara.com\/index.php?rest_route=\/wp\/v2\/posts\/16990\/revisions\/27423"}],"wp:attachment":[{"href":"https:\/\/blog.sierranortedeguadalajara.com\/index.php?rest_route=%2Fwp%2Fv2%2Fmedia&parent=16990"}],"wp:term":[{"taxonomy":"category","embeddable":true,"href":"https:\/\/blog.sierranortedeguadalajara.com\/index.php?rest_route=%2Fwp%2Fv2%2Fcategories&post=16990"},{"taxonomy":"post_tag","embeddable":true,"href":"https:\/\/blog.sierranortedeguadalajara.com\/index.php?rest_route=%2Fwp%2Fv2%2Ftags&post=16990"}],"curies":[{"name":"wp","href":"https:\/\/api.w.org\/{rel}","templated":true}]}}