{"id":16973,"date":"2016-02-18T00:05:16","date_gmt":"2016-02-17T23:05:16","guid":{"rendered":"http:\/\/blog.laveredadepuebla.com\/?p=16973"},"modified":"2023-02-10T12:15:59","modified_gmt":"2023-02-10T12:15:59","slug":"la-lluvia-cambia-el-look-de-la-sierra-norte","status":"publish","type":"post","link":"https:\/\/blog.sierranortedeguadalajara.com\/?p=16973","title":{"rendered":"La lluvia cambia el look de la Sierra Norte"},"content":{"rendered":"<p><img loading=\"lazy\" decoding=\"async\" class=\"alignleft wp-image-16974\" src=\"https:\/\/blog.sierranortedeguadalajara.com\/wp-content\/uploads\/2023\/02\/160218-look-3.jpg\" alt=\"160218 look 3\" width=\"240\" height=\"180\" \/><img loading=\"lazy\" decoding=\"async\" class=\"alignright wp-image-16975\" src=\"https:\/\/blog.sierranortedeguadalajara.com\/wp-content\/uploads\/2023\/02\/160218-look-4.jpg\" alt=\"160218 look 4\" width=\"240\" height=\"320\" \/>Parece como si la sierra hubiera ido a la peluquer\u00eda y un estilista radical hubiera decidido cambiarle la imagen.<\/p>\n<p>L\u00e1stima que el cambio sea tan ef\u00edmero\u2026 porque <a href=\"http:\/\/blog.laveredadepuebla.com\/2011\/04\/01\/parque-natural-sierra-norte-de-guadalajara\/\"><em><strong>la Sierra Norte<\/strong> <\/em><\/a>se pone<span style=\"color:#800000;\"><strong> especialmente hermosa<\/strong><\/span>. Siempre nos queda el consuelo de que estas im\u00e1genes se repetir\u00e1n cuando vuelva la lluvia. <span style=\"color:#800000;\"><em><strong>\u00a1Ay si viniera la nieve!<img loading=\"lazy\" decoding=\"async\" class=\"alignright wp-image-16980\" src=\"https:\/\/blog.sierranortedeguadalajara.com\/wp-content\/uploads\/2023\/02\/160218-look-2.jpg\" alt=\"160218 look 2\" width=\"240\" height=\"180\" \/><img loading=\"lazy\" decoding=\"async\" class=\"alignleft wp-image-16979\" src=\"https:\/\/blog.sierranortedeguadalajara.com\/wp-content\/uploads\/2023\/02\/160218-look-1.jpg\" alt=\"160218 look 1\" width=\"240\" height=\"180\" \/><\/strong><\/em><\/span><\/p>\n<p>&nbsp;<\/p>\n<p><em><strong>Lar-ami<\/strong><\/em><\/p>\n","protected":false},"excerpt":{"rendered":"<p>Parece como si la sierra hubiera ido a la peluquer\u00eda y un estilista radical hubiera decidido cambiarle la imagen. L\u00e1stima que el cambio sea tan ef\u00edmero\u2026 porque la Sierra Norte se pone especialmente hermosa. Siempre nos queda el consuelo de que estas im\u00e1genes se repetir\u00e1n cuando vuelva la lluvia. \u00a1Ay si viniera la nieve! &nbsp; &hellip; <\/p>\n<p class=\"link-more\"><a href=\"https:\/\/blog.sierranortedeguadalajara.com\/?p=16973\" class=\"more-link\">Seguir leyendo<span class=\"screen-reader-text\"> \u00abLa lluvia cambia el look de la Sierra Norte\u00bb<\/span><\/a><\/p>\n","protected":false},"author":1,"featured_media":0,"comment_status":"open","ping_status":"open","sticky":false,"template":"","format":"standard","meta":{"footnotes":""},"categories":[12,17],"tags":[2,7,8,10],"class_list":["post-16973","post","type-post","status-publish","format-standard","hentry","category-actualidad","category-paisajes-y-lugares-de-la-sierra-norte","tag-actualidad","tag-naturaleza","tag-puebla-de-valles","tag-sierra-norte","entry"],"_links":{"self":[{"href":"https:\/\/blog.sierranortedeguadalajara.com\/index.php?rest_route=\/wp\/v2\/posts\/16973","targetHints":{"allow":["GET"]}}],"collection":[{"href":"https:\/\/blog.sierranortedeguadalajara.com\/index.php?rest_route=\/wp\/v2\/posts"}],"about":[{"href":"https:\/\/blog.sierranortedeguadalajara.com\/index.php?rest_route=\/wp\/v2\/types\/post"}],"author":[{"embeddable":true,"href":"https:\/\/blog.sierranortedeguadalajara.com\/index.php?rest_route=\/wp\/v2\/users\/1"}],"replies":[{"embeddable":true,"href":"https:\/\/blog.sierranortedeguadalajara.com\/index.php?rest_route=%2Fwp%2Fv2%2Fcomments&post=16973"}],"version-history":[{"count":1,"href":"https:\/\/blog.sierranortedeguadalajara.com\/index.php?rest_route=\/wp\/v2\/posts\/16973\/revisions"}],"predecessor-version":[{"id":27432,"href":"https:\/\/blog.sierranortedeguadalajara.com\/index.php?rest_route=\/wp\/v2\/posts\/16973\/revisions\/27432"}],"wp:attachment":[{"href":"https:\/\/blog.sierranortedeguadalajara.com\/index.php?rest_route=%2Fwp%2Fv2%2Fmedia&parent=16973"}],"wp:term":[{"taxonomy":"category","embeddable":true,"href":"https:\/\/blog.sierranortedeguadalajara.com\/index.php?rest_route=%2Fwp%2Fv2%2Fcategories&post=16973"},{"taxonomy":"post_tag","embeddable":true,"href":"https:\/\/blog.sierranortedeguadalajara.com\/index.php?rest_route=%2Fwp%2Fv2%2Ftags&post=16973"}],"curies":[{"name":"wp","href":"https:\/\/api.w.org\/{rel}","templated":true}]}}