{"id":16965,"date":"2016-02-16T00:05:57","date_gmt":"2016-02-15T23:05:57","guid":{"rendered":"http:\/\/blog.laveredadepuebla.com\/?p=16965"},"modified":"2023-02-10T12:16:01","modified_gmt":"2023-02-10T12:16:01","slug":"agua-viento-y-nieve-en-la-sierra-norte","status":"publish","type":"post","link":"https:\/\/blog.sierranortedeguadalajara.com\/?p=16965","title":{"rendered":"Agua, viento y nieve en la Sierra Norte"},"content":{"rendered":"<p><img loading=\"lazy\" decoding=\"async\" class=\"aligncenter size-large wp-image-16966\" src=\"https:\/\/blog.sierranortedeguadalajara.com\/wp-content\/uploads\/2023\/02\/160216-agua-nieve-1.jpg\" alt=\"160216 agua nieve 1\" width=\"500\" height=\"375\" \/><span style=\"color:#800000;\"><strong>Mostramos en im\u00e1genes y sobre el mismo paisaje,<\/strong><em> (<\/em><strong><a href=\"http:\/\/www.laveredadepuebla.com\/rutasypueblos\/pmedulas.pdf\"><em>las Peque\u00f1as M\u00e9dulas<\/em><\/a> <\/strong><em><span style=\"color:#000000;\">de<\/span> <strong><a href=\"https:\/\/blog.laveredadepuebla.com\/2015\/09\/23\/puebla-de-valles-y-sus-carcavas\/\">Puebla de Valles<\/a><\/strong>), <\/em><\/span>los efectos de los fen\u00f3menos meteorol\u00f3gicos de este fin de semana en <a href=\"http:\/\/blog.laveredadepuebla.com\/2011\/04\/01\/parque-natural-sierra-norte-de-guadalajara\/\"><em><strong>la Sierra Norte<\/strong><\/em><\/a>.<\/p>\n<p><em><span style=\"color:#800000;\"><strong><img loading=\"lazy\" decoding=\"async\" class=\"alignleft size-medium wp-image-16967\" src=\"https:\/\/blog.sierranortedeguadalajara.com\/wp-content\/uploads\/2023\/02\/160216-agua-nieve-2.jpg\" alt=\"160216 agua nieve 2\" width=\"300\" height=\"225\" \/>Viernes 12<\/strong><\/span><\/em>: lluvias abundantes<em> (80 litros)<\/em>. Las aguas bajan presurosas y arrastran arcilla, creando regueros que parecen de chocolate. <a href=\"https:\/\/blog.laveredadepuebla.com\/2011\/02\/05\/el-arroyo-del-lugar\/\"><em><strong>El arroyo del Lugar<\/strong> <\/em><\/a>las recoge y baja grande en busca<span style=\"color:#000000;\"><em><strong><a href=\"http:\/\/blog.laveredadepuebla.com\/2009\/08\/27\/rio-jarama\/\"> del Jarama<\/a><\/strong><\/em><\/span><\/p>\n<p><span style=\"color:#800000;\"><strong><em>S\u00e1bado 14:<\/em><\/strong><\/span> viento que bambolea los \u00e1rboles y seca los arroyos.<\/p>\n<p><span style=\"color:#800000;\"><strong><em>Lunes 15:<\/em> <\/strong><\/span>la primera nevada a pie de calle, a las 8,30 de la ma\u00f1ana, que dur\u00f3 lo suficiente para cubrir de blanco umbr\u00edas y llanos. <em><strong>La subida de temperatura y la salida del sol la hicieron desaparecer en dos horas.<img loading=\"lazy\" decoding=\"async\" class=\"aligncenter size-large wp-image-16968\" src=\"https:\/\/blog.sierranortedeguadalajara.com\/wp-content\/uploads\/2023\/02\/160216-agua-nieve-3.jpg\" alt=\"160216 Agua nieve 3\" width=\"500\" height=\"375\" \/><\/strong><\/em><\/p>\n<p><em><strong>Lar-ami<\/strong><\/em><\/p>\n","protected":false},"excerpt":{"rendered":"<p>Mostramos en im\u00e1genes y sobre el mismo paisaje, (las Peque\u00f1as M\u00e9dulas de Puebla de Valles), los efectos de los fen\u00f3menos meteorol\u00f3gicos de este fin de semana en la Sierra Norte. Viernes 12: lluvias abundantes (80 litros). Las aguas bajan presurosas y arrastran arcilla, creando regueros que parecen de chocolate. El arroyo del Lugar las recoge &hellip; <\/p>\n<p class=\"link-more\"><a href=\"https:\/\/blog.sierranortedeguadalajara.com\/?p=16965\" class=\"more-link\">Seguir leyendo<span class=\"screen-reader-text\"> \u00abAgua, viento y nieve en la Sierra Norte\u00bb<\/span><\/a><\/p>\n","protected":false},"author":1,"featured_media":0,"comment_status":"open","ping_status":"open","sticky":false,"template":"","format":"standard","meta":{"footnotes":""},"categories":[12,6,17],"tags":[2,35,7,8,10],"class_list":["post-16965","post","type-post","status-publish","format-standard","hentry","category-actualidad","category-mundo-rural","category-paisajes-y-lugares-de-la-sierra-norte","tag-actualidad","tag-jarama","tag-naturaleza","tag-puebla-de-valles","tag-sierra-norte","entry"],"_links":{"self":[{"href":"https:\/\/blog.sierranortedeguadalajara.com\/index.php?rest_route=\/wp\/v2\/posts\/16965","targetHints":{"allow":["GET"]}}],"collection":[{"href":"https:\/\/blog.sierranortedeguadalajara.com\/index.php?rest_route=\/wp\/v2\/posts"}],"about":[{"href":"https:\/\/blog.sierranortedeguadalajara.com\/index.php?rest_route=\/wp\/v2\/types\/post"}],"author":[{"embeddable":true,"href":"https:\/\/blog.sierranortedeguadalajara.com\/index.php?rest_route=\/wp\/v2\/users\/1"}],"replies":[{"embeddable":true,"href":"https:\/\/blog.sierranortedeguadalajara.com\/index.php?rest_route=%2Fwp%2Fv2%2Fcomments&post=16965"}],"version-history":[{"count":1,"href":"https:\/\/blog.sierranortedeguadalajara.com\/index.php?rest_route=\/wp\/v2\/posts\/16965\/revisions"}],"predecessor-version":[{"id":27439,"href":"https:\/\/blog.sierranortedeguadalajara.com\/index.php?rest_route=\/wp\/v2\/posts\/16965\/revisions\/27439"}],"wp:attachment":[{"href":"https:\/\/blog.sierranortedeguadalajara.com\/index.php?rest_route=%2Fwp%2Fv2%2Fmedia&parent=16965"}],"wp:term":[{"taxonomy":"category","embeddable":true,"href":"https:\/\/blog.sierranortedeguadalajara.com\/index.php?rest_route=%2Fwp%2Fv2%2Fcategories&post=16965"},{"taxonomy":"post_tag","embeddable":true,"href":"https:\/\/blog.sierranortedeguadalajara.com\/index.php?rest_route=%2Fwp%2Fv2%2Ftags&post=16965"}],"curies":[{"name":"wp","href":"https:\/\/api.w.org\/{rel}","templated":true}]}}