{"id":16958,"date":"2016-02-17T00:05:26","date_gmt":"2016-02-16T23:05:26","guid":{"rendered":"http:\/\/blog.laveredadepuebla.com\/?p=16958"},"modified":"2023-02-10T12:16:00","modified_gmt":"2023-02-10T12:16:00","slug":"retablo-mayor-de-santa-maria-del-vado","status":"publish","type":"post","link":"https:\/\/blog.sierranortedeguadalajara.com\/?p=16958","title":{"rendered":"Retablo Mayor de Santa Mar\u00eda del Vado"},"content":{"rendered":"<p>La anotaci\u00f3n del <strong><em><a href=\"http:\/\/hijosdelavereda.blogspot.com.es\/2010\/07\/santa-maria-del-vado-ii.html\">Libro de Cuentas de la Iglesia<\/a>,<\/em><\/strong> de <span style=\"color:#800000;\"><strong>1.497<\/strong><\/span>, sugiere que ya hab\u00eda altar y retablo en la <em><strong><a href=\"http:\/\/blog.laveredadepuebla.com\/2016\/02\/12\/capilla-mayor-de-santa-maria-del-vado\/\">Capilla Mayor<\/a><\/strong><\/em>, sujeto al muro oriental. Un a\u00f1o despu\u00e9s se indica que el <span style=\"color:#800000;\"><em>\u00ab&#8230;gasto a costa del Retablo\u00bb<\/em><\/span>, y en el periodo <span style=\"color:#800000;\"><strong>1.500-1.506<\/strong> <\/span>aparecen anotadas limosnas y mandas para el mismo fin que sugieren que fue terminado en estas fechas.<\/p>\n<figure id=\"attachment_16960\" aria-describedby=\"caption-attachment-16960\" style=\"width: 276px\" class=\"wp-caption alignright\"><img loading=\"lazy\" decoding=\"async\" class=\"wp-image-16960 size-medium\" src=\"https:\/\/blog.sierranortedeguadalajara.com\/wp-content\/uploads\/2023\/02\/160216-retablo-1.jpg\" alt=\"160216 Retablo 1\" width=\"276\" height=\"300\" \/><figcaption id=\"caption-attachment-16960\" class=\"wp-caption-text\"><em>La luz se\u00f1ala donde estuvo el altar mayor. Cortesia de la A.C. Hijos de La Vereda<\/em><\/figcaption><\/figure>\n<p>En <span style=\"color:#800000;\"><strong>1.523<\/strong> <\/span>se pag\u00f3 al artista que pint\u00f3 a <span style=\"color:#800000;\"><strong>San Blas y Santiago<\/strong><em> (adem\u00e1s del arco y las paredes)<\/em><\/span>, enmader\u00f3 y dor\u00f3 la hornacina de la Virgen Blanca. Hacia <span style=\"color:#800000;\"><strong>1.528<\/strong><\/span> se ordena<em> \u00abenlavar y apretar las tablas del retablo que est\u00e1 a par de la Custodia del Sant\u00edsimo Sacramento\u00bb.<\/em> El arreglo debi\u00f3 repetirse en <span style=\"color:#800000;\"><strong>1.559<\/strong> <\/span>ya que se hace un <span style=\"color:#800000;\"><em>\u00abpago al tallador en aderezar el retablo.\u00bb<\/em><\/span><\/p>\n<p>Pero, <span style=\"color:#800000;\"><strong>\u00bfcomo era?<\/strong><\/span> Posiblemente <a href=\"http:\/\/hijosdelavereda.blogspot.com.es\/2011\/03\/el-patrimonio-perdido-iv-iglesia-de.html\"><em><strong>rectangular y de tres calles<\/strong><\/em><\/a>. En la central, de mayor altura, la <span style=\"color:#800000;\"><strong>Virgen Blanca con el ni\u00f1o en brazos<\/strong><\/span><em> (ya se la llamaba as\u00ed en 1.546)<\/em>, situada en una hornacina de madera dorada; a sus pies, sobre el Altar Mayor, el sagrario a modo de tabern\u00e1culo de madera dorada <em>(de 1.630)<\/em>, regalo del <a href=\"https:\/\/blog.laveredadepuebla.com\/2015\/06\/24\/el-cardenal-portocarrero\/\"><em><strong>cardenal Portocarrero<\/strong><\/em><\/a> <em>(Se\u00f1or de Palma del R\u00edo, \u00a1que casualidad!)<\/em>.<\/p>\n<p><img loading=\"lazy\" decoding=\"async\" class=\"alignleft wp-image-16961\" src=\"https:\/\/blog.sierranortedeguadalajara.com\/wp-content\/uploads\/2023\/02\/160219-retablo-2.jpg\" alt=\"160219 retablo 2\" width=\"240\" height=\"161\" \/>En las laterales, im\u00e1genes <span style=\"color:#800000;\"><em>(primero pintadas sobre tabla, y luego en tallas)<\/em> <\/span>de San Blas y de Santiago. El retablo, de <span style=\"color:#800000;\"><strong>transici\u00f3n del G\u00f3tico al Renacimiento<\/strong><\/span>, sufri\u00f3 importantes intervenciones en 1.630 <em>(se incluy\u00f3 el tabern\u00e1culo)<\/em> y a mediados del siglo XVIII: <em><span style=\"color:#800000;\">se dora el nicho de la virgen y se le colocan dos espejos, se compone el retablo por el tallista Jos\u00e9 Quintana y se dora el tabern\u00e1culo<\/span> <strong><span style=\"color:#800000;\">(sagrario).<\/span><\/strong><\/em><\/p>\n<p>Las im\u00e1genes de <a href=\"http:\/\/blog.laveredadepuebla.com\/2009\/11\/10\/iglesia-de-santa-maria-del-vado\/\"><em><strong>la iglesia<\/strong> <\/em><\/a>fueron destruidas el 25 de julio de 1936; el retablo y el altar mayor fueron desmontados; parece ser que las maderas fueron cortadas. Y lo sabemos por la <a href=\"http:\/\/hijosdelavereda.blogspot.com.es\"><em><strong>A.C. Hijos de la Vereda<\/strong> <\/em><\/a>y por ello podemos contarlo. <strong><span style=\"color:#800000;\">Nuestro agradecimiento por siempre.<\/span><\/strong><\/p>\n<p><em><strong>Lar-ami<\/strong><\/em><\/p>\n","protected":false},"excerpt":{"rendered":"<p>La anotaci\u00f3n del Libro de Cuentas de la Iglesia, de 1.497, sugiere que ya hab\u00eda altar y retablo en la Capilla Mayor, sujeto al muro oriental. Un a\u00f1o despu\u00e9s se indica que el \u00ab&#8230;gasto a costa del Retablo\u00bb, y en el periodo 1.500-1.506 aparecen anotadas limosnas y mandas para el mismo fin que sugieren que &hellip; <\/p>\n<p class=\"link-more\"><a href=\"https:\/\/blog.sierranortedeguadalajara.com\/?p=16958\" class=\"more-link\">Seguir leyendo<span class=\"screen-reader-text\"> \u00abRetablo Mayor de Santa Mar\u00eda del Vado\u00bb<\/span><\/a><\/p>\n","protected":false},"author":1,"featured_media":0,"comment_status":"open","ping_status":"open","sticky":false,"template":"","format":"standard","meta":{"footnotes":""},"categories":[12,17,15],"tags":[2,100,4,26,5,10],"class_list":["post-16958","post","type-post","status-publish","format-standard","hentry","category-actualidad","category-paisajes-y-lugares-de-la-sierra-norte","category-rincones-de-guadalajara","tag-actualidad","tag-costumbres-y-tradiciones","tag-cultura","tag-el-vado","tag-historia","tag-sierra-norte","entry"],"_links":{"self":[{"href":"https:\/\/blog.sierranortedeguadalajara.com\/index.php?rest_route=\/wp\/v2\/posts\/16958","targetHints":{"allow":["GET"]}}],"collection":[{"href":"https:\/\/blog.sierranortedeguadalajara.com\/index.php?rest_route=\/wp\/v2\/posts"}],"about":[{"href":"https:\/\/blog.sierranortedeguadalajara.com\/index.php?rest_route=\/wp\/v2\/types\/post"}],"author":[{"embeddable":true,"href":"https:\/\/blog.sierranortedeguadalajara.com\/index.php?rest_route=\/wp\/v2\/users\/1"}],"replies":[{"embeddable":true,"href":"https:\/\/blog.sierranortedeguadalajara.com\/index.php?rest_route=%2Fwp%2Fv2%2Fcomments&post=16958"}],"version-history":[{"count":1,"href":"https:\/\/blog.sierranortedeguadalajara.com\/index.php?rest_route=\/wp\/v2\/posts\/16958\/revisions"}],"predecessor-version":[{"id":27435,"href":"https:\/\/blog.sierranortedeguadalajara.com\/index.php?rest_route=\/wp\/v2\/posts\/16958\/revisions\/27435"}],"wp:attachment":[{"href":"https:\/\/blog.sierranortedeguadalajara.com\/index.php?rest_route=%2Fwp%2Fv2%2Fmedia&parent=16958"}],"wp:term":[{"taxonomy":"category","embeddable":true,"href":"https:\/\/blog.sierranortedeguadalajara.com\/index.php?rest_route=%2Fwp%2Fv2%2Fcategories&post=16958"},{"taxonomy":"post_tag","embeddable":true,"href":"https:\/\/blog.sierranortedeguadalajara.com\/index.php?rest_route=%2Fwp%2Fv2%2Ftags&post=16958"}],"curies":[{"name":"wp","href":"https:\/\/api.w.org\/{rel}","templated":true}]}}