{"id":16951,"date":"2016-02-15T00:05:12","date_gmt":"2016-02-14T23:05:12","guid":{"rendered":"http:\/\/blog.laveredadepuebla.com\/?p=16951"},"modified":"2023-02-10T12:16:02","modified_gmt":"2023-02-10T12:16:02","slug":"el-almendro-de-puebla-de-valles","status":"publish","type":"post","link":"https:\/\/blog.sierranortedeguadalajara.com\/?p=16951","title":{"rendered":"El almendro de Puebla de Valles"},"content":{"rendered":"<p><img loading=\"lazy\" decoding=\"async\" class=\"alignleft wp-image-16952\" src=\"https:\/\/blog.sierranortedeguadalajara.com\/wp-content\/uploads\/2023\/02\/160215-n-almendro-3.jpg\" alt=\"160215 n almendro 3\" width=\"180\" height=\"240\" \/>No hace mucho presum\u00ed de<a href=\"https:\/\/blog.laveredadepuebla.com\/2016\/02\/05\/exposicion-de-pintura-en-puebla-de-valles\/\"><em><strong> compa\u00f1era y de casa rural<\/strong><\/em><\/a>; tras 7 a\u00f1os publicando y 1.910 entradas sobre <a href=\"https:\/\/blog.laveredadepuebla.com\/2015\/06\/25\/las-sierras-de-la-sierra-norte\/\"><em><strong>la Sierra Norte<\/strong> <\/em><\/a>me permit\u00ed esta peque\u00f1a licencia, que luego recorri\u00f3 las redes sociales \u2026 <span style=\"color:#800000;\"><em>como ocurre habitualmente con cada nueva entrada de este blog.<br \/>\n<\/em><\/span><\/p>\n<p>Algunos colegas no lo entendieron y se molestaron. <span style=\"color:#800000;\">Bien que lo siento\u2026. sobre todo por ellos.<\/span><\/p>\n<p>A estas alturas y como <a href=\"http:\/\/serraniadeguadalajara.com\/un-millar-de-personas-en-el-vii-dia-de-la-sierra\/\"><strong><em>pregonero que fui (2.014)<\/em><\/strong><\/a>, me siento con toda la legitimidad para presumir de aquello que hace diferente <a href=\"http:\/\/www.sierranortedeguadalajara.com\"><em><strong>nuestra casa de la Sierra Norte<\/strong> <\/em><\/a>y\/o a nosotros mismos <a href=\"http:\/\/serraniadeguadalajara.com\/\"><em><strong>como serranos<\/strong><\/em><\/a>. Y para divulgarlo, como una muestra m\u00e1s de la extraordinaria diversidad de<em><strong><a href=\"http:\/\/blog.laveredadepuebla.com\/2011\/04\/01\/parque-natural-sierra-norte-de-guadalajara\/\"> nuestra comarca.<\/a><\/strong><\/em><\/p>\n<p><span style=\"color:#800000;\"><img loading=\"lazy\" decoding=\"async\" class=\"alignright wp-image-16954\" src=\"https:\/\/blog.sierranortedeguadalajara.com\/wp-content\/uploads\/2023\/02\/160215-n-almendro-1.jpg\" alt=\"160215 n almendro 1\" width=\"240\" height=\"180\" \/><img loading=\"lazy\" decoding=\"async\" class=\"alignleft wp-image-16955\" src=\"https:\/\/blog.sierranortedeguadalajara.com\/wp-content\/uploads\/2023\/02\/160215-n-almendro-2.jpg\" alt=\"160215 n almendro 2\" width=\"240\" height=\"180\" \/>Como ese almendro, ahora en flor, situado frente al porche, y que en estos d\u00edas nos deleita con su fragancia y el runruneo de las abejas. Adem\u00e1s de realzar las vistas, ya de por si espectaculares.<\/span><\/p>\n<p><span style=\"color:#800000;\"><em><strong>\u00a1Pardiez!<\/strong> <\/em><\/span>que me satisface disfrutarlo y contarlo.<\/p>\n<p><em><strong>Lar-ami<\/strong><\/em><\/p>\n","protected":false},"excerpt":{"rendered":"<p>No hace mucho presum\u00ed de compa\u00f1era y de casa rural; tras 7 a\u00f1os publicando y 1.910 entradas sobre la Sierra Norte me permit\u00ed esta peque\u00f1a licencia, que luego recorri\u00f3 las redes sociales \u2026 como ocurre habitualmente con cada nueva entrada de este blog. Algunos colegas no lo entendieron y se molestaron. Bien que lo siento\u2026. &hellip; <\/p>\n<p class=\"link-more\"><a href=\"https:\/\/blog.sierranortedeguadalajara.com\/?p=16951\" class=\"more-link\">Seguir leyendo<span class=\"screen-reader-text\"> \u00abEl almendro de Puebla de Valles\u00bb<\/span><\/a><\/p>\n","protected":false},"author":1,"featured_media":0,"comment_status":"open","ping_status":"open","sticky":false,"template":"","format":"standard","meta":{"footnotes":""},"categories":[12,17],"tags":[2,4,7,8,10],"class_list":["post-16951","post","type-post","status-publish","format-standard","hentry","category-actualidad","category-paisajes-y-lugares-de-la-sierra-norte","tag-actualidad","tag-cultura","tag-naturaleza","tag-puebla-de-valles","tag-sierra-norte","entry"],"_links":{"self":[{"href":"https:\/\/blog.sierranortedeguadalajara.com\/index.php?rest_route=\/wp\/v2\/posts\/16951","targetHints":{"allow":["GET"]}}],"collection":[{"href":"https:\/\/blog.sierranortedeguadalajara.com\/index.php?rest_route=\/wp\/v2\/posts"}],"about":[{"href":"https:\/\/blog.sierranortedeguadalajara.com\/index.php?rest_route=\/wp\/v2\/types\/post"}],"author":[{"embeddable":true,"href":"https:\/\/blog.sierranortedeguadalajara.com\/index.php?rest_route=\/wp\/v2\/users\/1"}],"replies":[{"embeddable":true,"href":"https:\/\/blog.sierranortedeguadalajara.com\/index.php?rest_route=%2Fwp%2Fv2%2Fcomments&post=16951"}],"version-history":[{"count":1,"href":"https:\/\/blog.sierranortedeguadalajara.com\/index.php?rest_route=\/wp\/v2\/posts\/16951\/revisions"}],"predecessor-version":[{"id":27443,"href":"https:\/\/blog.sierranortedeguadalajara.com\/index.php?rest_route=\/wp\/v2\/posts\/16951\/revisions\/27443"}],"wp:attachment":[{"href":"https:\/\/blog.sierranortedeguadalajara.com\/index.php?rest_route=%2Fwp%2Fv2%2Fmedia&parent=16951"}],"wp:term":[{"taxonomy":"category","embeddable":true,"href":"https:\/\/blog.sierranortedeguadalajara.com\/index.php?rest_route=%2Fwp%2Fv2%2Fcategories&post=16951"},{"taxonomy":"post_tag","embeddable":true,"href":"https:\/\/blog.sierranortedeguadalajara.com\/index.php?rest_route=%2Fwp%2Fv2%2Ftags&post=16951"}],"curies":[{"name":"wp","href":"https:\/\/api.w.org\/{rel}","templated":true}]}}