{"id":16946,"date":"2016-02-12T00:05:51","date_gmt":"2016-02-11T23:05:51","guid":{"rendered":"http:\/\/blog.laveredadepuebla.com\/?p=16946"},"modified":"2023-02-10T12:16:03","modified_gmt":"2023-02-10T12:16:03","slug":"capilla-mayor-de-santa-maria-del-vado","status":"publish","type":"post","link":"https:\/\/blog.sierranortedeguadalajara.com\/?p=16946","title":{"rendered":"Capilla Mayor de Santa Mar\u00eda del Vado"},"content":{"rendered":"<p>Estaba separada de la nave central por un arco triunfal algo apuntado, realizado con<a href=\"https:\/\/blog.laveredadepuebla.com\/2009\/10\/03\/la-cantera-de-tamajon\/\"> <em><strong>sillares de Tamaj\u00f3n<\/strong><\/em> <\/a>(<em>al igual que todo el trabajo de canter\u00eda que se aprecia en su interior)<\/em> y apoyados en pilastras cuadradas, con cajeado en la parte superior.<\/p>\n<p><img loading=\"lazy\" decoding=\"async\" class=\"alignright size-medium wp-image-16947\" src=\"https:\/\/blog.sierranortedeguadalajara.com\/wp-content\/uploads\/2023\/02\/160212-capilla-1.jpg\" alt=\"160212 capilla 1\" width=\"300\" height=\"225\" \/>De planta rectangular la <a href=\"http:\/\/hijosdelavereda.blogspot.com.es\/2010\/07\/santa-maria-del-vado-ii.html\"><em><strong>Capilla Mayor<\/strong><\/em><\/a> se cubre con b\u00f3veda de ca\u00f1\u00f3n algo apuntada en dos tramos separados por un arco, apoyado en dos columnas d\u00f3ricas adosadas al muro. Una cornisa labrada, situado a la altura de los capiteles de los arcos, recorre todo el desarrollo. En su lado sur, a la derecha mirando al altar, se abre el arco de entrada a la sacrist\u00eda, <strong>realizada en 1.497<\/strong>.<\/p>\n<p>La existencia de una peque\u00f1a ventana, cegada en el interior pero visible desde fuera, sugiere que hab\u00eda un retablo mayor <em>(lo contaremos)<\/em> sujeto al muro en este punto<em> (se aprecian las fijaciones)<\/em>, pero instalado despu\u00e9s de la construcci\u00f3n de la iglesia primitiva, que pudiera ser del siglo XIV <em>(es citada por el <a href=\"https:\/\/blog.laveredadepuebla.com\/2012\/12\/10\/lo-que-dijo-el-arcipreste-de-hita\/\"><strong>Arcipreste de Hita en el libro del Buen Amor<\/strong><\/a>)<\/em>. La primera anotaci\u00f3n en <a href=\"http:\/\/hijosdelavereda.blogspot.com.es\/2011\/03\/el-patrimonio-perdido-iv-iglesia-de.html\"><em><strong>Libro de Cuentas de la Iglesia<\/strong><\/em><\/a> es de 1.488,<\/p>\n<p><img loading=\"lazy\" decoding=\"async\" class=\"alignleft wp-image-16948\" src=\"https:\/\/blog.sierranortedeguadalajara.com\/wp-content\/uploads\/2023\/02\/160212-capilla-3.jpg\" alt=\"160212 capilla 3\" width=\"240\" height=\"180\" \/><img loading=\"lazy\" decoding=\"async\" class=\"alignright wp-image-16949\" src=\"https:\/\/blog.sierranortedeguadalajara.com\/wp-content\/uploads\/2023\/02\/160212-capilla-2.jpg\" alt=\"160212 capilla 2\" width=\"240\" height=\"180\" \/>Posiblemente, cuando en el siglo XV el Se\u00f1or\u00edo pas\u00f3 al Marqu\u00e9s de Santillana, se la dot\u00f3 de Retablo y Altar Mayor. De ah\u00ed el mandato eclesi\u00e1stico de 1.497, que aparece en el <span style=\"color:#800000;\"><strong>Libro de Cuentas<\/strong><\/span>, donde se manda que <em><span style=\"color:#800000;\">\u00ab&#8230;se haga m\u00e1s alto el Altar Mayor, y se coloque bajo el Retablo un sagrario&#8230;\u00bb.<\/span><\/em><\/p>\n<p>Hubo otras muchas transformaciones de <a href=\"http:\/\/blog.laveredadepuebla.com\/2009\/11\/10\/iglesia-de-santa-maria-del-vado\/\"><em><strong>la iglesia<\/strong><\/em><\/a> <em>(que afectaron a la Capilla Mayor y al Retablo)<\/em> en el siglo XVI, bajo el auspicio de la rama menor de la familia Mendoza. As\u00ed en 1.523 fue pintado el arco y las paredes de la iglesia. Y sabemos todo esto por el excelente trabajo de la <strong><a href=\"http:\/\/hijosdelavereda.blogspot.com.es\"><em>A.C. Hijos de la Vereda<\/em><\/a>.<\/strong> <span style=\"color:#800000;\"><strong>Nuestro agradecimiento por siempre.<\/strong><\/span><\/p>\n<p><em><strong>Lar-ami<\/strong><\/em><\/p>\n","protected":false},"excerpt":{"rendered":"<p>Estaba separada de la nave central por un arco triunfal algo apuntado, realizado con sillares de Tamaj\u00f3n (al igual que todo el trabajo de canter\u00eda que se aprecia en su interior) y apoyados en pilastras cuadradas, con cajeado en la parte superior. De planta rectangular la Capilla Mayor se cubre con b\u00f3veda de ca\u00f1\u00f3n algo &hellip; <\/p>\n<p class=\"link-more\"><a href=\"https:\/\/blog.sierranortedeguadalajara.com\/?p=16946\" class=\"more-link\">Seguir leyendo<span class=\"screen-reader-text\"> \u00abCapilla Mayor de Santa Mar\u00eda del Vado\u00bb<\/span><\/a><\/p>\n","protected":false},"author":1,"featured_media":0,"comment_status":"open","ping_status":"open","sticky":false,"template":"","format":"standard","meta":{"footnotes":""},"categories":[12,17],"tags":[2,100,4,26,5,10],"class_list":["post-16946","post","type-post","status-publish","format-standard","hentry","category-actualidad","category-paisajes-y-lugares-de-la-sierra-norte","tag-actualidad","tag-costumbres-y-tradiciones","tag-cultura","tag-el-vado","tag-historia","tag-sierra-norte","entry"],"_links":{"self":[{"href":"https:\/\/blog.sierranortedeguadalajara.com\/index.php?rest_route=\/wp\/v2\/posts\/16946","targetHints":{"allow":["GET"]}}],"collection":[{"href":"https:\/\/blog.sierranortedeguadalajara.com\/index.php?rest_route=\/wp\/v2\/posts"}],"about":[{"href":"https:\/\/blog.sierranortedeguadalajara.com\/index.php?rest_route=\/wp\/v2\/types\/post"}],"author":[{"embeddable":true,"href":"https:\/\/blog.sierranortedeguadalajara.com\/index.php?rest_route=\/wp\/v2\/users\/1"}],"replies":[{"embeddable":true,"href":"https:\/\/blog.sierranortedeguadalajara.com\/index.php?rest_route=%2Fwp%2Fv2%2Fcomments&post=16946"}],"version-history":[{"count":1,"href":"https:\/\/blog.sierranortedeguadalajara.com\/index.php?rest_route=\/wp\/v2\/posts\/16946\/revisions"}],"predecessor-version":[{"id":27447,"href":"https:\/\/blog.sierranortedeguadalajara.com\/index.php?rest_route=\/wp\/v2\/posts\/16946\/revisions\/27447"}],"wp:attachment":[{"href":"https:\/\/blog.sierranortedeguadalajara.com\/index.php?rest_route=%2Fwp%2Fv2%2Fmedia&parent=16946"}],"wp:term":[{"taxonomy":"category","embeddable":true,"href":"https:\/\/blog.sierranortedeguadalajara.com\/index.php?rest_route=%2Fwp%2Fv2%2Fcategories&post=16946"},{"taxonomy":"post_tag","embeddable":true,"href":"https:\/\/blog.sierranortedeguadalajara.com\/index.php?rest_route=%2Fwp%2Fv2%2Ftags&post=16946"}],"curies":[{"name":"wp","href":"https:\/\/api.w.org\/{rel}","templated":true}]}}