{"id":16912,"date":"2016-02-08T00:05:50","date_gmt":"2016-02-07T23:05:50","guid":{"rendered":"http:\/\/blog.laveredadepuebla.com\/?p=16912"},"modified":"2023-02-10T12:16:07","modified_gmt":"2023-02-10T12:16:07","slug":"las-arcadas-de-santa-maria-del-vado-nuestra-senora-de-la-blanca","status":"publish","type":"post","link":"https:\/\/blog.sierranortedeguadalajara.com\/?p=16912","title":{"rendered":"Las arcadas de Santa Mar\u00eda del Vado (Nuestra Se\u00f1ora de la Blanca)"},"content":{"rendered":"<p><a href=\"http:\/\/blog.laveredadepuebla.com\/2009\/11\/10\/iglesia-de-santa-maria-del-vado\/\"><em><strong>Esta iglesia<\/strong><\/em><\/a>, que ya aparece <a href=\"http:\/\/hijosdelavereda.blogspot.com.es\/2010\/09\/santa-maria-del-vado-iii.html\"><em><strong>documentada en el siglo XV<\/strong><\/em><\/a> <strong>(1.488),<\/strong> est\u00e1 formada por tres naves con una Capilla Mayor rectangular, separada de la nave central por arco triunfal algo apuntado.<\/p>\n<p><a href=\"http:\/\/blog.laveredadepuebla.com\/2009\/11\/11\/iglesia-de-santa-maria-del-vado-ii\/\"><em><strong><img loading=\"lazy\" decoding=\"async\" class=\"alignleft wp-image-16914\" src=\"https:\/\/blog.sierranortedeguadalajara.com\/wp-content\/uploads\/2023\/02\/160208-arcada-1.jpg\" alt=\"160208 arcada 1\" width=\"240\" height=\"180\" \/><img loading=\"lazy\" decoding=\"async\" class=\"alignright wp-image-16915\" src=\"https:\/\/blog.sierranortedeguadalajara.com\/wp-content\/uploads\/2023\/02\/160208-arcada-2.jpg\" alt=\"160208 arcada 2\" width=\"240\" height=\"180\" \/>Dos arcadas separan las naves entre s\u00ed,<\/strong> <\/em><\/a>formadas por tres arcos de medio punto formados por lajas de pizarra y apoyados en pilastras cajeadas. El techo era de madera, posiblemente con armadura de <span style=\"color:#800000;\"><em>\u00abpar y nudillo\u00bb<\/em> <\/span>en la nave central y <span style=\"color:#800000;\"><em>\u00abde pares\u00bb<\/em> <\/span>en las naves laterales. La cubierta exterior era de lajas de pizarra.<\/p>\n<p><img loading=\"lazy\" decoding=\"async\" class=\"alignleft wp-image-16916\" src=\"https:\/\/blog.sierranortedeguadalajara.com\/wp-content\/uploads\/2023\/02\/160208-arcada-3.jpg\" alt=\"160208 arcada 3\" width=\"240\" height=\"180\" \/><img loading=\"lazy\" decoding=\"async\" class=\"alignright wp-image-16917\" src=\"https:\/\/blog.sierranortedeguadalajara.com\/wp-content\/uploads\/2023\/02\/160208-arcada-4.jpg\" alt=\"160208 arcada 4\" width=\"240\" height=\"180\" \/>Ya no quedan m\u00e1s que algunas marcas; la estructura de madera ha desaparecido. Pero hay constancia escrita en los <a href=\"http:\/\/hijosdelavereda.blogspot.com.es\/2010\/07\/santa-maria-del-vado-ii.html\"><em><strong>Libros de Cuentas del siglo XVI<\/strong><\/em><\/a> de los costes de trabajo, transporte y labrar la madera para dichas naves. As\u00ed lo cuenta la<a href=\"http:\/\/hijosdelavereda.blogspot.com.es\/\"><em><strong> Asociaci\u00f3n Cultural Hijos de La Vereda<\/strong><\/em><\/a> en su blog <span style=\"color:#800000;\"><em>(desde aqu\u00ed nuestro agradecimiento)<\/em> <\/span>.<\/p>\n<figure id=\"attachment_16923\" aria-describedby=\"caption-attachment-16923\" style=\"width: 200px\" class=\"wp-caption alignleft\"><img loading=\"lazy\" decoding=\"async\" class=\"wp-image-16923\" src=\"https:\/\/blog.sierranortedeguadalajara.com\/wp-content\/uploads\/2023\/02\/iglesia-vado-virgen-rosario.jpg\" alt=\"iglesia Vado Virgen Rosario\" width=\"200\" height=\"311\" \/><figcaption id=\"caption-attachment-16923\" class=\"wp-caption-text\"><strong><em>Virgen del Rosario<\/em><\/strong><\/figcaption><\/figure>\n<p><img loading=\"lazy\" decoding=\"async\" class=\"alignright wp-image-16919\" src=\"https:\/\/blog.sierranortedeguadalajara.com\/wp-content\/uploads\/2023\/02\/160208-arcada-6.jpg\" alt=\"160208 arcada 6\" width=\"240\" height=\"180\" \/>Desde el siglo XVI hubo dos altares colaterales dedicados a <span style=\"color:#800000;\"><strong>San Sebasti\u00e1n y a Nuestra Se\u00f1ora del Rosario,<\/strong><\/span> con una talla realizada en 1579. Los anclajes todav\u00eda se pueden ver en las cabeceras de las naves laterales. Al fondo la espada\u00f1a, con dos huecos de medio punto, formada por sillares de canter\u00eda y lajas de pizarra intercaladas.<\/p>\n<p><em><strong>Lar-ami<\/strong><\/em><\/p>\n","protected":false},"excerpt":{"rendered":"<p>Esta iglesia, que ya aparece documentada en el siglo XV (1.488), est\u00e1 formada por tres naves con una Capilla Mayor rectangular, separada de la nave central por arco triunfal algo apuntado. Dos arcadas separan las naves entre s\u00ed, formadas por tres arcos de medio punto formados por lajas de pizarra y apoyados en pilastras cajeadas. &hellip; <\/p>\n<p class=\"link-more\"><a href=\"https:\/\/blog.sierranortedeguadalajara.com\/?p=16912\" class=\"more-link\">Seguir leyendo<span class=\"screen-reader-text\"> \u00abLas arcadas de Santa Mar\u00eda del Vado (Nuestra Se\u00f1ora de la Blanca)\u00bb<\/span><\/a><\/p>\n","protected":false},"author":1,"featured_media":0,"comment_status":"open","ping_status":"open","sticky":false,"template":"","format":"standard","meta":{"footnotes":""},"categories":[12,17],"tags":[2,4,26,5,10],"class_list":["post-16912","post","type-post","status-publish","format-standard","hentry","category-actualidad","category-paisajes-y-lugares-de-la-sierra-norte","tag-actualidad","tag-cultura","tag-el-vado","tag-historia","tag-sierra-norte","entry"],"_links":{"self":[{"href":"https:\/\/blog.sierranortedeguadalajara.com\/index.php?rest_route=\/wp\/v2\/posts\/16912","targetHints":{"allow":["GET"]}}],"collection":[{"href":"https:\/\/blog.sierranortedeguadalajara.com\/index.php?rest_route=\/wp\/v2\/posts"}],"about":[{"href":"https:\/\/blog.sierranortedeguadalajara.com\/index.php?rest_route=\/wp\/v2\/types\/post"}],"author":[{"embeddable":true,"href":"https:\/\/blog.sierranortedeguadalajara.com\/index.php?rest_route=\/wp\/v2\/users\/1"}],"replies":[{"embeddable":true,"href":"https:\/\/blog.sierranortedeguadalajara.com\/index.php?rest_route=%2Fwp%2Fv2%2Fcomments&post=16912"}],"version-history":[{"count":1,"href":"https:\/\/blog.sierranortedeguadalajara.com\/index.php?rest_route=\/wp\/v2\/posts\/16912\/revisions"}],"predecessor-version":[{"id":27465,"href":"https:\/\/blog.sierranortedeguadalajara.com\/index.php?rest_route=\/wp\/v2\/posts\/16912\/revisions\/27465"}],"wp:attachment":[{"href":"https:\/\/blog.sierranortedeguadalajara.com\/index.php?rest_route=%2Fwp%2Fv2%2Fmedia&parent=16912"}],"wp:term":[{"taxonomy":"category","embeddable":true,"href":"https:\/\/blog.sierranortedeguadalajara.com\/index.php?rest_route=%2Fwp%2Fv2%2Fcategories&post=16912"},{"taxonomy":"post_tag","embeddable":true,"href":"https:\/\/blog.sierranortedeguadalajara.com\/index.php?rest_route=%2Fwp%2Fv2%2Ftags&post=16912"}],"curies":[{"name":"wp","href":"https:\/\/api.w.org\/{rel}","templated":true}]}}