{"id":16893,"date":"2016-02-05T00:05:51","date_gmt":"2016-02-04T23:05:51","guid":{"rendered":"http:\/\/blog.laveredadepuebla.com\/?p=16893"},"modified":"2023-02-10T12:16:08","modified_gmt":"2023-02-10T12:16:08","slug":"exposicion-de-pintura-en-puebla-de-valles","status":"publish","type":"post","link":"https:\/\/blog.sierranortedeguadalajara.com\/?p=16893","title":{"rendered":"Exposici\u00f3n de pintura en Puebla de Valles"},"content":{"rendered":"<p>No es f\u00e1cil encontrar una exposici\u00f3n de pintura contempor\u00e1nea en un lugar rec\u00f3ndito<a href=\"http:\/\/blog.laveredadepuebla.com\/2015\/09\/23\/puebla-de-valles-y-sus-carcavas\/\"><em><strong> (Puebla de Valles)<\/strong> <\/em><\/a>de la monta\u00f1a\u00a0 <em><strong><a href=\"http:\/\/blog.laveredadepuebla.com\/2011\/04\/01\/parque-natural-sierra-norte-de-guadalajara\/\">(Sierra Norte de Guadalajara)<\/a><\/strong><\/em>. Que sea\u00a0 permanente y menos dentro de una casa rural.<\/p>\n<figure id=\"attachment_16895\" aria-describedby=\"caption-attachment-16895\" style=\"width: 230px\" class=\"wp-caption alignleft\"><img loading=\"lazy\" decoding=\"async\" class=\"wp-image-16895\" src=\"https:\/\/blog.sierranortedeguadalajara.com\/wp-content\/uploads\/2023\/02\/160205-paleta-de-colores.jpg\" alt=\"160205 Paleta de colores\" width=\"230\" height=\"287\" \/><figcaption id=\"caption-attachment-16895\" class=\"wp-caption-text\"><strong><em>Paleta de colores<\/em><\/strong><\/figcaption><\/figure>\n<figure id=\"attachment_16894\" aria-describedby=\"caption-attachment-16894\" style=\"width: 230px\" class=\"wp-caption alignright\"><img loading=\"lazy\" decoding=\"async\" class=\"wp-image-16894\" src=\"https:\/\/blog.sierranortedeguadalajara.com\/wp-content\/uploads\/2023\/02\/160205-puebla-de-valles.jpg\" alt=\"160205 Puebla de Valles\" width=\"230\" height=\"190\" \/><figcaption id=\"caption-attachment-16894\" class=\"wp-caption-text\"><em><strong>Puebla de Valles<\/strong><\/em><\/figcaption><\/figure>\n<p><strong><span style=\"color:#800000;\">Angeles Castro,<\/span> <\/strong>propietaria de<a href=\"http:\/\/www.laveredadepuebla.com\"><em><strong> La Vereda de Puebla<\/strong><\/em><\/a> y pintora de afici\u00f3n, ha decorado la casa con <span style=\"color:#800000;\"><strong>16 cuadros propios<\/strong><\/span>, con t\u00e9cnicas <span style=\"color:#800000;\"><em>(\u00f3leo, acr\u00edlico, carboncillo,\u2026)<\/em> <\/span>y tem\u00e1tica diferentes, <strong><span style=\"color:#800000;\">realizados ad hoc<\/span><\/strong>, acorde con el estilo <span style=\"color:#800000;\"><em>(sal\u00f3n)<\/em> <\/span>y\/o color de la habitaci\u00f3n <span style=\"color:#800000;\"><em>(azul, verde, gris y salm\u00f3n).<\/em><\/span><\/p>\n<figure id=\"attachment_16897\" aria-describedby=\"caption-attachment-16897\" style=\"width: 230px\" class=\"wp-caption alignleft\"><img loading=\"lazy\" decoding=\"async\" class=\"wp-image-16897\" src=\"https:\/\/blog.sierranortedeguadalajara.com\/wp-content\/uploads\/2023\/02\/160205-botella-de-mar.jpg\" alt=\"160205 Botella de mar\" width=\"230\" height=\"313\" \/><figcaption id=\"caption-attachment-16897\" class=\"wp-caption-text\"><em><strong>Botella de mar<\/strong><\/em><\/figcaption><\/figure>\n<figure id=\"attachment_16898\" aria-describedby=\"caption-attachment-16898\" style=\"width: 230px\" class=\"wp-caption alignright\"><img loading=\"lazy\" decoding=\"async\" class=\"wp-image-16898\" src=\"https:\/\/blog.sierranortedeguadalajara.com\/wp-content\/uploads\/2023\/02\/160205-madre-e-hijo-copia.jpg\" alt=\"160205 Madre e hijo copia\" width=\"230\" height=\"376\" \/><figcaption id=\"caption-attachment-16898\" class=\"wp-caption-text\"><em><strong>Esperando lapidaci\u00f3n<\/strong><\/em><\/figcaption><\/figure>\n<p>Su formaci\u00f3n comenz\u00f3 en Tres Cantos a finales de los ochenta y ha continuado en Guadalajara con Rosa Main. Su dominio del dibujo, de la t\u00e9cnica y su capacidad para captar la esencia del momento, le dan a sus cuadros un estilo diferente <em>(y reconocible).<\/em><\/p>\n<figure id=\"attachment_16901\" aria-describedby=\"caption-attachment-16901\" style=\"width: 230px\" class=\"wp-caption alignleft\"><img loading=\"lazy\" decoding=\"async\" class=\"wp-image-16901\" src=\"https:\/\/blog.sierranortedeguadalajara.com\/wp-content\/uploads\/2023\/02\/160205-ventana-de-color.jpg\" alt=\"160205 Ventana de color\" width=\"230\" height=\"268\" \/><figcaption id=\"caption-attachment-16901\" class=\"wp-caption-text\"><em><strong>Ventana de color<\/strong><\/em><\/figcaption><\/figure>\n<figure id=\"attachment_16902\" aria-describedby=\"caption-attachment-16902\" style=\"width: 230px\" class=\"wp-caption alignright\"><img loading=\"lazy\" decoding=\"async\" class=\"wp-image-16902\" src=\"https:\/\/blog.sierranortedeguadalajara.com\/wp-content\/uploads\/2023\/02\/160205-el-arte-de-escribir.jpg\" alt=\"160205 El arte de escribir\" width=\"230\" height=\"321\" \/><figcaption id=\"caption-attachment-16902\" class=\"wp-caption-text\"><em><strong>El arte de escribir<\/strong><\/em><\/figcaption><\/figure>\n<p>En oto\u00f1o expondr\u00e1 en Guadalajara una muestra significativa de su obra. Algunos cuadros representativos est\u00e1n en la casa rural, como estos que aqu\u00ed se presentan. <span style=\"color:#800000;\"><strong>\u00a1Por una vez disculpar\u00e1n que presuma! <em>De casa rural y de compa\u00f1era.<\/em><\/strong><\/span><\/p>\n<p><strong><em>Lar-ami<\/em><\/strong><\/p>\n","protected":false},"excerpt":{"rendered":"<p>No es f\u00e1cil encontrar una exposici\u00f3n de pintura contempor\u00e1nea en un lugar rec\u00f3ndito (Puebla de Valles) de la monta\u00f1a\u00a0 (Sierra Norte de Guadalajara). Que sea\u00a0 permanente y menos dentro de una casa rural. Angeles Castro, propietaria de La Vereda de Puebla y pintora de afici\u00f3n, ha decorado la casa con 16 cuadros propios, con t\u00e9cnicas &hellip; <\/p>\n<p class=\"link-more\"><a href=\"https:\/\/blog.sierranortedeguadalajara.com\/?p=16893\" class=\"more-link\">Seguir leyendo<span class=\"screen-reader-text\"> \u00abExposici\u00f3n de pintura en Puebla de Valles\u00bb<\/span><\/a><\/p>\n","protected":false},"author":1,"featured_media":0,"comment_status":"open","ping_status":"open","sticky":false,"template":"","format":"standard","meta":{"footnotes":""},"categories":[12,17,9],"tags":[2,4,5,8,10],"class_list":["post-16893","post","type-post","status-publish","format-standard","hentry","category-actualidad","category-paisajes-y-lugares-de-la-sierra-norte","category-rincones-de-la-sierra-norte","tag-actualidad","tag-cultura","tag-historia","tag-puebla-de-valles","tag-sierra-norte","entry"],"_links":{"self":[{"href":"https:\/\/blog.sierranortedeguadalajara.com\/index.php?rest_route=\/wp\/v2\/posts\/16893","targetHints":{"allow":["GET"]}}],"collection":[{"href":"https:\/\/blog.sierranortedeguadalajara.com\/index.php?rest_route=\/wp\/v2\/posts"}],"about":[{"href":"https:\/\/blog.sierranortedeguadalajara.com\/index.php?rest_route=\/wp\/v2\/types\/post"}],"author":[{"embeddable":true,"href":"https:\/\/blog.sierranortedeguadalajara.com\/index.php?rest_route=\/wp\/v2\/users\/1"}],"replies":[{"embeddable":true,"href":"https:\/\/blog.sierranortedeguadalajara.com\/index.php?rest_route=%2Fwp%2Fv2%2Fcomments&post=16893"}],"version-history":[{"count":1,"href":"https:\/\/blog.sierranortedeguadalajara.com\/index.php?rest_route=\/wp\/v2\/posts\/16893\/revisions"}],"predecessor-version":[{"id":27472,"href":"https:\/\/blog.sierranortedeguadalajara.com\/index.php?rest_route=\/wp\/v2\/posts\/16893\/revisions\/27472"}],"wp:attachment":[{"href":"https:\/\/blog.sierranortedeguadalajara.com\/index.php?rest_route=%2Fwp%2Fv2%2Fmedia&parent=16893"}],"wp:term":[{"taxonomy":"category","embeddable":true,"href":"https:\/\/blog.sierranortedeguadalajara.com\/index.php?rest_route=%2Fwp%2Fv2%2Fcategories&post=16893"},{"taxonomy":"post_tag","embeddable":true,"href":"https:\/\/blog.sierranortedeguadalajara.com\/index.php?rest_route=%2Fwp%2Fv2%2Ftags&post=16893"}],"curies":[{"name":"wp","href":"https:\/\/api.w.org\/{rel}","templated":true}]}}