{"id":16889,"date":"2016-02-04T00:05:43","date_gmt":"2016-02-03T23:05:43","guid":{"rendered":"http:\/\/blog.laveredadepuebla.com\/?p=16889"},"modified":"2023-02-10T12:16:10","modified_gmt":"2023-02-10T12:16:10","slug":"museos-y-exposiciones-en-la-sierra-norte","status":"publish","type":"post","link":"https:\/\/blog.sierranortedeguadalajara.com\/?p=16889","title":{"rendered":"Museos y exposiciones en la Sierra Norte"},"content":{"rendered":"<p>Existe la creencia generalizada que el mundo rural, y por ende <a href=\"http:\/\/blog.laveredadepuebla.com\/2011\/04\/01\/parque-natural-sierra-norte-de-guadalajara\/\"><em><strong>la Sierra Norte<\/strong><\/em><\/a>, es inculto y carente de museos, exposiciones, monumentos, actividades culturales,\u2026 No hablamos de <span style=\"color:#800000;\"><strong>Centros de Interpretaci\u00f3n<\/strong> <\/span>y\/o el casco urbano de los pueblos <strong><span style=\"color:#800000;\"><em>(coloraos, negros, dorados, serranos,\u2026)<\/em><\/span><\/strong> que se conservan aut\u00e9nticos y son en s\u00ed mismos un museo vivo. Desde este blog llevamos a\u00f1os refut\u00e1ndolo, pero quiz\u00e1s no hemos detallado nunca los museos y exposiciones de <a href=\"http:\/\/www.sierranortedeguadalajara.com\"><em><strong>esta tierra nuestra.<\/strong><\/em><\/a> Es tiempo de corregirlo <em>(si conoces alguno m\u00e1s, agradeceremos que lo indiques)<\/em>:<\/p>\n<ul>\n<li><a href=\"http:\/\/www.siguenza.es\/ayuntamiento\/\"><em><strong>Sig\u00fcenza:<\/strong> <\/em><\/a>Museo diocesano y museo de la Catedral<\/li>\n<li><a href=\"http:\/\/atienza.es\/\"><em><strong>Atienza:<\/strong> <\/em><\/a>Museo de San Gil (religioso), Iglesia de la Trinidad (Caballada), San Bartolom\u00e9 (f\u00f3siles) y Casa del Cord\u00f3n (Cultura tradicional).<\/li>\n<li><a href=\"http:\/\/www.almiruete.com\/\"><em><strong>Almiruete:<\/strong> <\/em><\/a>Museo de Botargas y mascaritas (\u00fanico en su g\u00e9nero)<\/li>\n<li><a href=\"http:\/\/www.arbancon.es\/\"><em><strong>Arbanc\u00f3n:<\/strong> <\/em><\/a>Museo de historia y costumbres del pueblo (botarga)<\/li>\n<\/ul>\n<p><iframe loading=\"lazy\" title=\"MUSEO DE HISTORIA Y COSTUMBRES DE ARBANCON\" width=\"640\" height=\"360\" src=\"https:\/\/www.youtube.com\/embed\/ACRRuCezdMI?feature=oembed\" frameborder=\"0\" allow=\"accelerometer; autoplay; clipboard-write; encrypted-media; gyroscope; picture-in-picture; web-share\" referrerpolicy=\"strict-origin-when-cross-origin\" allowfullscreen><\/iframe><\/p>\n<ul>\n<li><a href=\"http:\/\/www.pueblosarquitecturanegra.es\/valverde-de-los-arroyos\/\"><em><strong>Valverde de los Arroyos:<\/strong> <\/em><\/a>Museo etnogr\u00e1fico<\/li>\n<li><a href=\"http:\/\/asociacionlasnavas.blogspot.com.es\/2011\/09\/salvemos-el-museo.html\"><strong><em>Las Navas de Jadraque:<\/em><\/strong><\/a> Vieja escuela<\/li>\n<li><strong>Campillo de Ranas:<\/strong> Exposici\u00f3n de maquetas de <em><strong><a href=\"http:\/\/blog.laveredadepuebla.com\/2012\/08\/03\/el-arte-de-roizo-juan-andres\/\">Juan Andr\u00e9s Roizo<\/a><\/strong><\/em><\/li>\n<\/ul>\n<p><span style=\"color:#800000;\"><strong>\u00a1No est\u00e1 mal para una comarca con diez mil habitantes!<\/strong> <\/span>Menci\u00f3n aparte merece la <em>exposici\u00f3n permanente de pintura contempor\u00e1nea<\/em> en <a href=\"http:\/\/blog.laveredadepuebla.com\/2015\/09\/23\/puebla-de-valles-y-sus-carcavas\/\"><em><strong>Puebla de Valles<\/strong><\/em><\/a>. Pero esto lo contaremos ma\u00f1ana.<\/p>\n<p><em><strong>Lar-ami<\/strong><\/em><\/p>\n","protected":false},"excerpt":{"rendered":"<p>Existe la creencia generalizada que el mundo rural, y por ende la Sierra Norte, es inculto y carente de museos, exposiciones, monumentos, actividades culturales,\u2026 No hablamos de Centros de Interpretaci\u00f3n y\/o el casco urbano de los pueblos (coloraos, negros, dorados, serranos,\u2026) que se conservan aut\u00e9nticos y son en s\u00ed mismos un museo vivo. Desde este &hellip; <\/p>\n<p class=\"link-more\"><a href=\"https:\/\/blog.sierranortedeguadalajara.com\/?p=16889\" class=\"more-link\">Seguir leyendo<span class=\"screen-reader-text\"> \u00abMuseos y exposiciones en la Sierra Norte\u00bb<\/span><\/a><\/p>\n","protected":false},"author":1,"featured_media":0,"comment_status":"open","ping_status":"open","sticky":false,"template":"","format":"standard","meta":{"footnotes":""},"categories":[12,3,15],"tags":[2,4,5,10],"class_list":["post-16889","post","type-post","status-publish","format-standard","hentry","category-actualidad","category-costumbres-y-tradiciones","category-rincones-de-guadalajara","tag-actualidad","tag-cultura","tag-historia","tag-sierra-norte","entry"],"_links":{"self":[{"href":"https:\/\/blog.sierranortedeguadalajara.com\/index.php?rest_route=\/wp\/v2\/posts\/16889","targetHints":{"allow":["GET"]}}],"collection":[{"href":"https:\/\/blog.sierranortedeguadalajara.com\/index.php?rest_route=\/wp\/v2\/posts"}],"about":[{"href":"https:\/\/blog.sierranortedeguadalajara.com\/index.php?rest_route=\/wp\/v2\/types\/post"}],"author":[{"embeddable":true,"href":"https:\/\/blog.sierranortedeguadalajara.com\/index.php?rest_route=\/wp\/v2\/users\/1"}],"replies":[{"embeddable":true,"href":"https:\/\/blog.sierranortedeguadalajara.com\/index.php?rest_route=%2Fwp%2Fv2%2Fcomments&post=16889"}],"version-history":[{"count":1,"href":"https:\/\/blog.sierranortedeguadalajara.com\/index.php?rest_route=\/wp\/v2\/posts\/16889\/revisions"}],"predecessor-version":[{"id":27473,"href":"https:\/\/blog.sierranortedeguadalajara.com\/index.php?rest_route=\/wp\/v2\/posts\/16889\/revisions\/27473"}],"wp:attachment":[{"href":"https:\/\/blog.sierranortedeguadalajara.com\/index.php?rest_route=%2Fwp%2Fv2%2Fmedia&parent=16889"}],"wp:term":[{"taxonomy":"category","embeddable":true,"href":"https:\/\/blog.sierranortedeguadalajara.com\/index.php?rest_route=%2Fwp%2Fv2%2Fcategories&post=16889"},{"taxonomy":"post_tag","embeddable":true,"href":"https:\/\/blog.sierranortedeguadalajara.com\/index.php?rest_route=%2Fwp%2Fv2%2Ftags&post=16889"}],"curies":[{"name":"wp","href":"https:\/\/api.w.org\/{rel}","templated":true}]}}