{"id":16874,"date":"2016-02-02T00:05:41","date_gmt":"2016-02-01T23:05:41","guid":{"rendered":"http:\/\/blog.laveredadepuebla.com\/?p=16874"},"modified":"2023-02-10T12:16:12","modified_gmt":"2023-02-10T12:16:12","slug":"febrero-y-las-coplillas-de-ciego-de-la-sierra-norte","status":"publish","type":"post","link":"https:\/\/blog.sierranortedeguadalajara.com\/?p=16874","title":{"rendered":"Febrero y las coplillas de ciego de la Sierra Norte"},"content":{"rendered":"<p>Las tareas de febrero en <a href=\"http:\/\/serraniadeguadalajara.com\/DiccionarioSerrano201510.pdf\"><em><strong>lenguaje serrano<\/strong><\/em><\/a> y en formato de <a href=\"http:\/\/blog.laveredadepuebla.com\/2015\/10\/22\/coplillas-de-ciego-en-la-sierra-norte\/\"><em><strong>coplillas de ciego<\/strong><\/em><\/a>, gracias al magn\u00edfico trabajo de <span style=\"color:#800000;\"><strong>Jos\u00e9 Fernando Benito<\/strong><\/span>, con dibujos de <span style=\"color:#800000;\"><strong>Antonio Herrera<\/strong> <\/span>y maquetaci\u00f3n de <span style=\"color:#800000;\"><strong>Jos\u00e9 Mar\u00eda Alonso.<\/strong><\/span><\/p>\n<p><img loading=\"lazy\" decoding=\"async\" class=\"aligncenter size-large wp-image-16875\" src=\"https:\/\/blog.sierranortedeguadalajara.com\/wp-content\/uploads\/2023\/02\/160202-coplillas-febrero.jpg\" alt=\"160202 coplillas febrero\" width=\"500\" height=\"625\" \/><em><strong>Lar-ami<\/strong><\/em><\/p>\n","protected":false},"excerpt":{"rendered":"<p>Las tareas de febrero en lenguaje serrano y en formato de coplillas de ciego, gracias al magn\u00edfico trabajo de Jos\u00e9 Fernando Benito, con dibujos de Antonio Herrera y maquetaci\u00f3n de Jos\u00e9 Mar\u00eda Alonso. Lar-ami<\/p>\n","protected":false},"author":1,"featured_media":0,"comment_status":"open","ping_status":"open","sticky":false,"template":"","format":"standard","meta":{"footnotes":""},"categories":[12,6],"tags":[2,100,4,5,7,10],"class_list":["post-16874","post","type-post","status-publish","format-standard","hentry","category-actualidad","category-mundo-rural","tag-actualidad","tag-costumbres-y-tradiciones","tag-cultura","tag-historia","tag-naturaleza","tag-sierra-norte","entry"],"_links":{"self":[{"href":"https:\/\/blog.sierranortedeguadalajara.com\/index.php?rest_route=\/wp\/v2\/posts\/16874","targetHints":{"allow":["GET"]}}],"collection":[{"href":"https:\/\/blog.sierranortedeguadalajara.com\/index.php?rest_route=\/wp\/v2\/posts"}],"about":[{"href":"https:\/\/blog.sierranortedeguadalajara.com\/index.php?rest_route=\/wp\/v2\/types\/post"}],"author":[{"embeddable":true,"href":"https:\/\/blog.sierranortedeguadalajara.com\/index.php?rest_route=\/wp\/v2\/users\/1"}],"replies":[{"embeddable":true,"href":"https:\/\/blog.sierranortedeguadalajara.com\/index.php?rest_route=%2Fwp%2Fv2%2Fcomments&post=16874"}],"version-history":[{"count":1,"href":"https:\/\/blog.sierranortedeguadalajara.com\/index.php?rest_route=\/wp\/v2\/posts\/16874\/revisions"}],"predecessor-version":[{"id":27480,"href":"https:\/\/blog.sierranortedeguadalajara.com\/index.php?rest_route=\/wp\/v2\/posts\/16874\/revisions\/27480"}],"wp:attachment":[{"href":"https:\/\/blog.sierranortedeguadalajara.com\/index.php?rest_route=%2Fwp%2Fv2%2Fmedia&parent=16874"}],"wp:term":[{"taxonomy":"category","embeddable":true,"href":"https:\/\/blog.sierranortedeguadalajara.com\/index.php?rest_route=%2Fwp%2Fv2%2Fcategories&post=16874"},{"taxonomy":"post_tag","embeddable":true,"href":"https:\/\/blog.sierranortedeguadalajara.com\/index.php?rest_route=%2Fwp%2Fv2%2Ftags&post=16874"}],"curies":[{"name":"wp","href":"https:\/\/api.w.org\/{rel}","templated":true}]}}