{"id":16781,"date":"2016-01-13T00:05:43","date_gmt":"2016-01-12T23:05:43","guid":{"rendered":"http:\/\/blog.laveredadepuebla.com\/?p=16781"},"modified":"2023-02-10T12:16:21","modified_gmt":"2023-02-10T12:16:21","slug":"las-cuatro-caras-del-puente-de-valdesotos","status":"publish","type":"post","link":"https:\/\/blog.sierranortedeguadalajara.com\/?p=16781","title":{"rendered":"Las cuatro caras del puente de Valdesotos"},"content":{"rendered":"<p><img loading=\"lazy\" decoding=\"async\" class=\"alignleft wp-image-16783\" src=\"https:\/\/blog.sierranortedeguadalajara.com\/wp-content\/uploads\/2023\/02\/160113-puente-1.jpg\" alt=\"160113 puente 1\" width=\"240\" height=\"180\" \/><img loading=\"lazy\" decoding=\"async\" class=\"alignright wp-image-16784\" src=\"https:\/\/blog.sierranortedeguadalajara.com\/wp-content\/uploads\/2023\/02\/160113-puente-2.jpg\" alt=\"160113 puente 2\" width=\"240\" height=\"180\" \/>De este precioso <a href=\"http:\/\/blog.laveredadepuebla.com\/2015\/04\/02\/limpieza-del-puente-medieval-de-valdesotos\/\"><em><strong>puente medieval<\/strong> <\/em><\/a>ya hemos hablado largo y tendido. La \u00faltima vez, felicit\u00e1ndonos por la limpieza de los arbustos y malezas que imped\u00edan contemplar su belleza.<\/p>\n<p><img loading=\"lazy\" decoding=\"async\" class=\"alignleft wp-image-16785\" src=\"https:\/\/blog.sierranortedeguadalajara.com\/wp-content\/uploads\/2023\/02\/160113-puente-4.jpg\" alt=\"160113 puente 4\" width=\"240\" height=\"180\" \/><img loading=\"lazy\" decoding=\"async\" class=\"alignright wp-image-16786\" src=\"https:\/\/blog.sierranortedeguadalajara.com\/wp-content\/uploads\/2023\/02\/160113-puente-3.jpg\" alt=\"160113 puente 3\" width=\"240\" height=\"180\" \/>Esa limpieza, la sequ\u00eda y el invierno nos permiten admirarlo desde cualquier perspectiva. <span style=\"color:#800000;\"><strong>\u00a1Disfruten!<\/strong><\/span><\/p>\n<p><em><strong>Lar-ami<\/strong><\/em><\/p>\n","protected":false},"excerpt":{"rendered":"<p>De este precioso puente medieval ya hemos hablado largo y tendido. La \u00faltima vez, felicit\u00e1ndonos por la limpieza de los arbustos y malezas que imped\u00edan contemplar su belleza. Esa limpieza, la sequ\u00eda y el invierno nos permiten admirarlo desde cualquier perspectiva. \u00a1Disfruten! Lar-ami<\/p>\n","protected":false},"author":1,"featured_media":0,"comment_status":"open","ping_status":"open","sticky":false,"template":"","format":"standard","meta":{"footnotes":""},"categories":[12,9],"tags":[2,4,5,7,10,27],"class_list":["post-16781","post","type-post","status-publish","format-standard","hentry","category-actualidad","category-rincones-de-la-sierra-norte","tag-actualidad","tag-cultura","tag-historia","tag-naturaleza","tag-sierra-norte","tag-valdesotos","entry"],"_links":{"self":[{"href":"https:\/\/blog.sierranortedeguadalajara.com\/index.php?rest_route=\/wp\/v2\/posts\/16781","targetHints":{"allow":["GET"]}}],"collection":[{"href":"https:\/\/blog.sierranortedeguadalajara.com\/index.php?rest_route=\/wp\/v2\/posts"}],"about":[{"href":"https:\/\/blog.sierranortedeguadalajara.com\/index.php?rest_route=\/wp\/v2\/types\/post"}],"author":[{"embeddable":true,"href":"https:\/\/blog.sierranortedeguadalajara.com\/index.php?rest_route=\/wp\/v2\/users\/1"}],"replies":[{"embeddable":true,"href":"https:\/\/blog.sierranortedeguadalajara.com\/index.php?rest_route=%2Fwp%2Fv2%2Fcomments&post=16781"}],"version-history":[{"count":1,"href":"https:\/\/blog.sierranortedeguadalajara.com\/index.php?rest_route=\/wp\/v2\/posts\/16781\/revisions"}],"predecessor-version":[{"id":27527,"href":"https:\/\/blog.sierranortedeguadalajara.com\/index.php?rest_route=\/wp\/v2\/posts\/16781\/revisions\/27527"}],"wp:attachment":[{"href":"https:\/\/blog.sierranortedeguadalajara.com\/index.php?rest_route=%2Fwp%2Fv2%2Fmedia&parent=16781"}],"wp:term":[{"taxonomy":"category","embeddable":true,"href":"https:\/\/blog.sierranortedeguadalajara.com\/index.php?rest_route=%2Fwp%2Fv2%2Fcategories&post=16781"},{"taxonomy":"post_tag","embeddable":true,"href":"https:\/\/blog.sierranortedeguadalajara.com\/index.php?rest_route=%2Fwp%2Fv2%2Ftags&post=16781"}],"curies":[{"name":"wp","href":"https:\/\/api.w.org\/{rel}","templated":true}]}}