{"id":16769,"date":"2016-01-05T00:05:42","date_gmt":"2016-01-04T23:05:42","guid":{"rendered":"http:\/\/blog.laveredadepuebla.com\/?p=16769"},"modified":"2023-02-10T12:16:25","modified_gmt":"2023-02-10T12:16:25","slug":"dos-heroes-de-la-sierra-norte","status":"publish","type":"post","link":"https:\/\/blog.sierranortedeguadalajara.com\/?p=16769","title":{"rendered":"Dos  h\u00e9roes  de la Sierra Norte"},"content":{"rendered":"<p style=\"text-align:center;\"><em>Las palabras le salen <\/em><br \/>\n<em>sin orden, lentas, sin sentido.<\/em><br \/>\n<strong><em>Est\u00e1 olvidando&#8230;<\/em><\/strong><\/p>\n<p>Estos versos de nuestra amiga <span style=\"color:#800000;\"><strong>Maty<\/strong> <\/span>recogen el sentir del entorno de <em><span style=\"color:#000000;\"><strong><a href=\"https:\/\/fpmaragall.org\/alzheimer-enfermedad\/enfermedad-alzheimer\/?gclid=CMGetNvAiMoCFQTlwgodsToLhw\">enfermos de Alzheimer<\/a><\/strong><\/span><\/em>. Como este anciano de <a href=\"http:\/\/www.siguenza.es\/ayuntamiento\/\"><strong><em>Sig\u00fcenza<\/em> <\/strong><\/a>que, cumplidos los setenta, afronta la situaci\u00f3n rodeado del cari\u00f1o de su familia.<\/p>\n<p>Aquella tarde, a las cinco, sali\u00f3 a pasear como de costumbre y\u2026 no volvi\u00f3. A las siete, cuando ya ca\u00eda la noche, la familia llamo a la Guardia Civil, al Ayuntamiento, al 112,\u2026 Los vecinos se movilizaron y empez\u00f3 una b\u00fasqueda sistem\u00e1tica por el pueblo. Se pidi\u00f3 la intervenci\u00f3n de la brigada canina de la Guardia Civil de Guadalajara, que no acudi\u00f3 al ser ya noche cerrada.<img loading=\"lazy\" decoding=\"async\" class=\"alignright size-medium wp-image-16770\" src=\"https:\/\/blog.sierranortedeguadalajara.com\/wp-content\/uploads\/2023\/02\/160105-dos-hc3a9roes.jpg\" alt=\"160105 Dos h\u00e9roes\" width=\"225\" height=\"300\" \/><\/p>\n<p><span style=\"color:#800000;\"><strong>Sergio y <\/strong><span style=\"color:#000000;\">su perro<\/span><strong> Rex<\/strong> <em>(un extra\u00f1o residente en el pueblo y con perro, ignorado por vecinos y autoridades de Sig\u00fcenza desde su llegada hace a\u00f1os)<\/em><\/span>, paseaban por la alameda. Vio el tumulto, pregunt\u00f3 y al instante ofreci\u00f3 su ayuda. Trajeron un pijama del ausente y Rex sigui\u00f3 su rastro durante dos horas&#8230; Hasta que lo encontr\u00f3 en el monte, detr\u00e1s de la estaci\u00f3n. Un lugar alejado del casco urbano donde nadie lo habr\u00eda buscado.<\/p>\n<p>Estaba acurrucado junto a una roca, desorientado y tiritando; eran las 12,30 de una noche de hielos. Afortunadamente ya se ha recuperado, aunque la enfermedad sigue su curso. <span style=\"color:#800000;\"><em>Los familiares y Sig\u00fcenza est\u00e1n muy agradecidos a Sergio y a Rex<\/em>; ahora todo el mundo les saluda y <strong>algunos vecinos se preocupan por ellos<\/strong>.<\/span> Son considerados h\u00e9roes en <a href=\"http:\/\/blog.laveredadepuebla.com\/2011\/04\/01\/parque-natural-sierra-norte-de-guadalajara\/\"><em><strong>la Sierra Norte<\/strong><\/em><\/a>, <strong>nuestros h\u00e9roes.<\/strong><\/p>\n<p><strong>\u00a1Esto no es un cuento de Navidad!<\/strong> Ocurri\u00f3 en diciembre, la prensa recogi\u00f3 el suceso\u2026 pero no cont\u00f3 lo que aqu\u00ed se cuenta.<\/p>\n<p><em><strong>Lar-ami<\/strong><\/em><\/p>\n","protected":false},"excerpt":{"rendered":"<p>Las palabras le salen sin orden, lentas, sin sentido. Est\u00e1 olvidando&#8230; Estos versos de nuestra amiga Maty recogen el sentir del entorno de enfermos de Alzheimer. Como este anciano de Sig\u00fcenza que, cumplidos los setenta, afronta la situaci\u00f3n rodeado del cari\u00f1o de su familia. Aquella tarde, a las cinco, sali\u00f3 a pasear como de costumbre &hellip; <\/p>\n<p class=\"link-more\"><a href=\"https:\/\/blog.sierranortedeguadalajara.com\/?p=16769\" class=\"more-link\">Seguir leyendo<span class=\"screen-reader-text\"> \u00abDos  h\u00e9roes  de la Sierra Norte\u00bb<\/span><\/a><\/p>\n","protected":false},"author":1,"featured_media":0,"comment_status":"open","ping_status":"open","sticky":false,"template":"","format":"standard","meta":{"footnotes":""},"categories":[12,6],"tags":[2,4,5,10],"class_list":["post-16769","post","type-post","status-publish","format-standard","hentry","category-actualidad","category-mundo-rural","tag-actualidad","tag-cultura","tag-historia","tag-sierra-norte","entry"],"_links":{"self":[{"href":"https:\/\/blog.sierranortedeguadalajara.com\/index.php?rest_route=\/wp\/v2\/posts\/16769","targetHints":{"allow":["GET"]}}],"collection":[{"href":"https:\/\/blog.sierranortedeguadalajara.com\/index.php?rest_route=\/wp\/v2\/posts"}],"about":[{"href":"https:\/\/blog.sierranortedeguadalajara.com\/index.php?rest_route=\/wp\/v2\/types\/post"}],"author":[{"embeddable":true,"href":"https:\/\/blog.sierranortedeguadalajara.com\/index.php?rest_route=\/wp\/v2\/users\/1"}],"replies":[{"embeddable":true,"href":"https:\/\/blog.sierranortedeguadalajara.com\/index.php?rest_route=%2Fwp%2Fv2%2Fcomments&post=16769"}],"version-history":[{"count":1,"href":"https:\/\/blog.sierranortedeguadalajara.com\/index.php?rest_route=\/wp\/v2\/posts\/16769\/revisions"}],"predecessor-version":[{"id":27540,"href":"https:\/\/blog.sierranortedeguadalajara.com\/index.php?rest_route=\/wp\/v2\/posts\/16769\/revisions\/27540"}],"wp:attachment":[{"href":"https:\/\/blog.sierranortedeguadalajara.com\/index.php?rest_route=%2Fwp%2Fv2%2Fmedia&parent=16769"}],"wp:term":[{"taxonomy":"category","embeddable":true,"href":"https:\/\/blog.sierranortedeguadalajara.com\/index.php?rest_route=%2Fwp%2Fv2%2Fcategories&post=16769"},{"taxonomy":"post_tag","embeddable":true,"href":"https:\/\/blog.sierranortedeguadalajara.com\/index.php?rest_route=%2Fwp%2Fv2%2Ftags&post=16769"}],"curies":[{"name":"wp","href":"https:\/\/api.w.org\/{rel}","templated":true}]}}