{"id":16766,"date":"2016-01-04T00:05:40","date_gmt":"2016-01-03T23:05:40","guid":{"rendered":"http:\/\/blog.laveredadepuebla.com\/?p=16766"},"modified":"2023-02-10T12:16:26","modified_gmt":"2023-02-10T12:16:26","slug":"coplillas-de-ciego-de-la-sierra-norte-enero","status":"publish","type":"post","link":"https:\/\/blog.sierranortedeguadalajara.com\/?p=16766","title":{"rendered":"Coplillas de ciego de la Sierra Norte: enero"},"content":{"rendered":"<p>Un mes m\u00e1s divulgamos el excelente trabajo de Jos\u00e9 Fernando Benito, con dibujos de Antonio Herrera y maquetaci\u00f3n de Jos\u00e9 Mar\u00eda Alonso: las tareas de enero en <a href=\"http:\/\/serraniadeguadalajara.com\/DiccionarioSerrano201510.pdf\"><em><strong>lenguaje serrano<\/strong><\/em><\/a> y en formato de <a href=\"http:\/\/blog.laveredadepuebla.com\/2015\/10\/22\/coplillas-de-ciego-en-la-sierra-norte\/\"><em><strong>coplillas de ciego<\/strong><\/em><\/a>.<img loading=\"lazy\" decoding=\"async\" class=\"aligncenter size-large wp-image-16767\" src=\"https:\/\/blog.sierranortedeguadalajara.com\/wp-content\/uploads\/2023\/02\/160104-coplillas-enero.jpg\" alt=\"160104 coplillas enero\" width=\"500\" height=\"646\" \/><em><strong>Lar-ami<\/strong><\/em><\/p>\n","protected":false},"excerpt":{"rendered":"<p>Un mes m\u00e1s divulgamos el excelente trabajo de Jos\u00e9 Fernando Benito, con dibujos de Antonio Herrera y maquetaci\u00f3n de Jos\u00e9 Mar\u00eda Alonso: las tareas de enero en lenguaje serrano y en formato de coplillas de ciego.Lar-ami<\/p>\n","protected":false},"author":1,"featured_media":0,"comment_status":"open","ping_status":"open","sticky":false,"template":"","format":"standard","meta":{"footnotes":""},"categories":[12,3,42],"tags":[2,4,7,10],"class_list":["post-16766","post","type-post","status-publish","format-standard","hentry","category-actualidad","category-costumbres-y-tradiciones","category-fiestas-y-eventos","tag-actualidad","tag-cultura","tag-naturaleza","tag-sierra-norte","entry"],"_links":{"self":[{"href":"https:\/\/blog.sierranortedeguadalajara.com\/index.php?rest_route=\/wp\/v2\/posts\/16766","targetHints":{"allow":["GET"]}}],"collection":[{"href":"https:\/\/blog.sierranortedeguadalajara.com\/index.php?rest_route=\/wp\/v2\/posts"}],"about":[{"href":"https:\/\/blog.sierranortedeguadalajara.com\/index.php?rest_route=\/wp\/v2\/types\/post"}],"author":[{"embeddable":true,"href":"https:\/\/blog.sierranortedeguadalajara.com\/index.php?rest_route=\/wp\/v2\/users\/1"}],"replies":[{"embeddable":true,"href":"https:\/\/blog.sierranortedeguadalajara.com\/index.php?rest_route=%2Fwp%2Fv2%2Fcomments&post=16766"}],"version-history":[{"count":1,"href":"https:\/\/blog.sierranortedeguadalajara.com\/index.php?rest_route=\/wp\/v2\/posts\/16766\/revisions"}],"predecessor-version":[{"id":27542,"href":"https:\/\/blog.sierranortedeguadalajara.com\/index.php?rest_route=\/wp\/v2\/posts\/16766\/revisions\/27542"}],"wp:attachment":[{"href":"https:\/\/blog.sierranortedeguadalajara.com\/index.php?rest_route=%2Fwp%2Fv2%2Fmedia&parent=16766"}],"wp:term":[{"taxonomy":"category","embeddable":true,"href":"https:\/\/blog.sierranortedeguadalajara.com\/index.php?rest_route=%2Fwp%2Fv2%2Fcategories&post=16766"},{"taxonomy":"post_tag","embeddable":true,"href":"https:\/\/blog.sierranortedeguadalajara.com\/index.php?rest_route=%2Fwp%2Fv2%2Ftags&post=16766"}],"curies":[{"name":"wp","href":"https:\/\/api.w.org\/{rel}","templated":true}]}}