{"id":16758,"date":"2015-12-30T00:05:51","date_gmt":"2015-12-29T23:05:51","guid":{"rendered":"http:\/\/blog.laveredadepuebla.com\/?p=16758"},"modified":"2023-02-10T12:16:27","modified_gmt":"2023-02-10T12:16:27","slug":"fin-de-ano-el-31-diciembre-por-que","status":"publish","type":"post","link":"https:\/\/blog.sierranortedeguadalajara.com\/?p=16758","title":{"rendered":"Fin de a\u00f1o el 31 diciembre, \u00bfpor qu\u00e9?"},"content":{"rendered":"<p>Por razones de guerra entre <strong>Segeda<\/strong>, una poderosa ciudad celtib\u00e9rica <em>(la actual Mara, provincia de Zaragoza)<\/em> y la rep\u00fablica de Roma. Pero recordemos la Historia.<\/p>\n<p><a href=\"http:\/\/www.abc.es\/fotonoticias\/fotos-aragon\/20141226\/espadas-imperialista-roma-razon-1614261393198.html\"><em><strong>Segeda era la capital de los Belos,<\/strong> <\/em><\/a>una tribu celtib\u00e9rica cuyo territorio se extend\u00eda por varias provincias de la <a href=\"http:\/\/www.celtiberica.es\/\"><em><strong>Serran\u00eda Celtib\u00e9rica<\/strong><\/em><\/a> (Zaragoza, Teruel, Soria,\u2026) Estaba amurallada y acu\u00f1aba moneda propia. Tan poderosa que el a\u00f1o 179 a.c. firm\u00f3 un acuerdo de paz con Roma que respetaba su independencia a cambio del pago de tributos y el compromiso de no construir nuevas ciudades en el territorio.<img loading=\"lazy\" decoding=\"async\" class=\"alignright size-medium wp-image-16759\" src=\"https:\/\/blog.sierranortedeguadalajara.com\/wp-content\/uploads\/2023\/02\/151230-ac3b1o-termina.jpg\" alt=\"151230 a\u00f1o termina\" width=\"300\" height=\"300\" \/><\/p>\n<p>Pero 25 a\u00f1os despu\u00e9s, Segeda decidi\u00f3 ampliar sus murallas; Roma consider\u00f3 que vulneraba el acuerdo de paz y se propuso atacar la ciudad a la mayor brevedad posible. Se requer\u00eda un gran ejercito (<em>el Senado romano lo estim\u00f3 en 30.000 hombres)<\/em> al frente del cual figurar\u00eda un c\u00f3nsul, cargo electivo que se renovaba anualmente el primer d\u00eda del a\u00f1o, el 15 de marzo <em>(el a\u00f1o romano iba del 15 de marzo al 14 del marzo siguiente).<\/em><\/p>\n<p>La preparaci\u00f3n del ej\u00e9rcito y su traslado bajo el mandato del c\u00f3nsul requer\u00edan unos meses por lo que la guerra no podr\u00eda comenzar antes del invierno. A efectos de que el ataque se produjera en verano, el Senado decidi\u00f3 cambiar el calendario, situando fin de a\u00f1o el 31 diciembre. Y as\u00ed se ha mantenido desde entonces en el mundo occidental.<\/p>\n<p><a href=\"https:\/\/www.facebook.com\/pages\/Belmonte-de-Graci%C3%A1n\/159911190842696?fref=ts\"><em><strong>Segeda fue arrasada<\/strong> <\/em><\/a>y poco tiempo despu\u00e9s le toc\u00f3 el turno a Numancia; Hispania pas\u00f3 a ser territorio de Roma. Pero la fecha de Fin de a\u00f1o se la debemos a <strong>nuestros antepasados, serranos y celt\u00edberos<\/strong>.<\/p>\n<p><em><strong>Lar-ami<\/strong><\/em><\/p>\n","protected":false},"excerpt":{"rendered":"<p>Por razones de guerra entre Segeda, una poderosa ciudad celtib\u00e9rica (la actual Mara, provincia de Zaragoza) y la rep\u00fablica de Roma. Pero recordemos la Historia. Segeda era la capital de los Belos, una tribu celtib\u00e9rica cuyo territorio se extend\u00eda por varias provincias de la Serran\u00eda Celtib\u00e9rica (Zaragoza, Teruel, Soria,\u2026) Estaba amurallada y acu\u00f1aba moneda propia. &hellip; <\/p>\n<p class=\"link-more\"><a href=\"https:\/\/blog.sierranortedeguadalajara.com\/?p=16758\" class=\"more-link\">Seguir leyendo<span class=\"screen-reader-text\"> \u00abFin de a\u00f1o el 31 diciembre, \u00bfpor qu\u00e9?\u00bb<\/span><\/a><\/p>\n","protected":false},"author":1,"featured_media":0,"comment_status":"open","ping_status":"open","sticky":false,"template":"","format":"standard","meta":{"footnotes":""},"categories":[12,3],"tags":[2,4,10],"class_list":["post-16758","post","type-post","status-publish","format-standard","hentry","category-actualidad","category-costumbres-y-tradiciones","tag-actualidad","tag-cultura","tag-sierra-norte","entry"],"_links":{"self":[{"href":"https:\/\/blog.sierranortedeguadalajara.com\/index.php?rest_route=\/wp\/v2\/posts\/16758","targetHints":{"allow":["GET"]}}],"collection":[{"href":"https:\/\/blog.sierranortedeguadalajara.com\/index.php?rest_route=\/wp\/v2\/posts"}],"about":[{"href":"https:\/\/blog.sierranortedeguadalajara.com\/index.php?rest_route=\/wp\/v2\/types\/post"}],"author":[{"embeddable":true,"href":"https:\/\/blog.sierranortedeguadalajara.com\/index.php?rest_route=\/wp\/v2\/users\/1"}],"replies":[{"embeddable":true,"href":"https:\/\/blog.sierranortedeguadalajara.com\/index.php?rest_route=%2Fwp%2Fv2%2Fcomments&post=16758"}],"version-history":[{"count":1,"href":"https:\/\/blog.sierranortedeguadalajara.com\/index.php?rest_route=\/wp\/v2\/posts\/16758\/revisions"}],"predecessor-version":[{"id":27548,"href":"https:\/\/blog.sierranortedeguadalajara.com\/index.php?rest_route=\/wp\/v2\/posts\/16758\/revisions\/27548"}],"wp:attachment":[{"href":"https:\/\/blog.sierranortedeguadalajara.com\/index.php?rest_route=%2Fwp%2Fv2%2Fmedia&parent=16758"}],"wp:term":[{"taxonomy":"category","embeddable":true,"href":"https:\/\/blog.sierranortedeguadalajara.com\/index.php?rest_route=%2Fwp%2Fv2%2Fcategories&post=16758"},{"taxonomy":"post_tag","embeddable":true,"href":"https:\/\/blog.sierranortedeguadalajara.com\/index.php?rest_route=%2Fwp%2Fv2%2Ftags&post=16758"}],"curies":[{"name":"wp","href":"https:\/\/api.w.org\/{rel}","templated":true}]}}