{"id":1674,"date":"2009-12-05T01:12:30","date_gmt":"2009-12-04T23:12:30","guid":{"rendered":"http:\/\/laveredadepuebla.wordpress.com\/?p=1674"},"modified":"2023-02-10T12:38:47","modified_gmt":"2023-02-10T12:38:47","slug":"el-vado-pueblo-abandonado-ii","status":"publish","type":"post","link":"https:\/\/blog.sierranortedeguadalajara.com\/?p=1674","title":{"rendered":"El Vado, pueblo abandonado (II)"},"content":{"rendered":"<p><a href=\"http:\/\/laveredadepuebla.com\"><img loading=\"lazy\" decoding=\"async\" class=\"alignleft size-thumbnail wp-image-1676\" title=\"El Vado II 1\" src=\"https:\/\/blog.sierranortedeguadalajara.com\/wp-content\/uploads\/2023\/02\/el-vado-ii-1.jpg\" alt=\"\" width=\"150\" height=\"112\" \/><\/a>La sequ\u00eda permite acercarse al pueblo del <a href=\"http:\/\/www.laveredadepuebla.com\/rutasypueblos\/3vado.pdf\">Vado<\/a>\u00a0por el viejo camino que arranca en la carretera de <a href=\"http:\/\/www.laveredadepuebla.com\/rutasypueblos\/retiendas.pdf\">Retiendas<\/a>, cerca de la casilla de pe\u00f3n caminero. Este era su acceso natural que el\u00a0embalse\u00a0sobre el Jarama anega cuando alcanza un nivel medio. Entonces hay que acceder por una <a href=\"http:\/\/www.excursionesysenderismo.com\/rutas\/r_guadalajara\/index_guadala.htm\">senda bastante complicada desde el pueblo de La Vereda<\/a>.<a href=\"http:\/\/laveredadepuebla.com\"><img loading=\"lazy\" decoding=\"async\" class=\"alignright size-thumbnail wp-image-1677\" title=\"El Vado II 2\" src=\"https:\/\/blog.sierranortedeguadalajara.com\/wp-content\/uploads\/2023\/02\/el-vado-ii-2.jpg\" alt=\"\" width=\"150\" height=\"112\" \/><\/a><\/p>\n<p>\u00a0El Vado es <a href=\"http:\/\/aache.com\">pueblo negro<\/a>, \u00a0con sus casas de pizarra y gorrones entremezclados que se confunde con el paisaje. Su estructura es t\u00edpica de pueblo ganadero, con calles hundidas y corrales situados a las afueras, al norte en un peque\u00f1o valle perpendicular al r\u00edo. Trazado urbano en cuadriculas, con casas de muros gruesos \u00a0y ventanas peque\u00f1as.<a href=\"http:\/\/laveredadepuebla.com\"><img loading=\"lazy\" decoding=\"async\" class=\"alignleft size-thumbnail wp-image-1678\" title=\"El Vado II 3\" src=\"https:\/\/blog.sierranortedeguadalajara.com\/wp-content\/uploads\/2023\/02\/el-vado-ii-3.jpg\" alt=\"\" width=\"150\" height=\"112\" \/><\/a><\/p>\n<p>\u00a0Aunque el pueblo fue arrasado (para evitar su ocupaci\u00f3n) antes de la construcci\u00f3n de la presa en los sesenta, su trazado es reconocible, si bien est\u00e1 muy deteriorado. Una curiosidad m\u00e1s es que la iglesia est\u00e1 ubicada en \u00a0el cerro de la Muela, a trescientos metros del pueblo hacia el oeste.<\/p>\n<p><strong><em>Lar-ami<\/em><\/strong><\/p>\n","protected":false},"excerpt":{"rendered":"<p>La sequ\u00eda permite acercarse al pueblo del Vado\u00a0por el viejo camino que arranca en la carretera de Retiendas, cerca de la casilla de pe\u00f3n caminero. Este era su acceso natural que el\u00a0embalse\u00a0sobre el Jarama anega cuando alcanza un nivel medio. Entonces hay que acceder por una senda bastante complicada desde el pueblo de La Vereda. &hellip; <\/p>\n<p class=\"link-more\"><a href=\"https:\/\/blog.sierranortedeguadalajara.com\/?p=1674\" class=\"more-link\">Seguir leyendo<span class=\"screen-reader-text\"> \u00abEl Vado, pueblo abandonado (II)\u00bb<\/span><\/a><\/p>\n","protected":false},"author":1,"featured_media":0,"comment_status":"open","ping_status":"open","sticky":false,"template":"","format":"standard","meta":{"footnotes":""},"categories":[6,17,9],"tags":[26,35,148,37,34],"class_list":["post-1674","post","type-post","status-publish","format-standard","hentry","category-mundo-rural","category-paisajes-y-lugares-de-la-sierra-norte","category-rincones-de-la-sierra-norte","tag-el-vado","tag-jarama","tag-larami","tag-pueblos-negros","tag-retiendas","entry"],"_links":{"self":[{"href":"https:\/\/blog.sierranortedeguadalajara.com\/index.php?rest_route=\/wp\/v2\/posts\/1674","targetHints":{"allow":["GET"]}}],"collection":[{"href":"https:\/\/blog.sierranortedeguadalajara.com\/index.php?rest_route=\/wp\/v2\/posts"}],"about":[{"href":"https:\/\/blog.sierranortedeguadalajara.com\/index.php?rest_route=\/wp\/v2\/types\/post"}],"author":[{"embeddable":true,"href":"https:\/\/blog.sierranortedeguadalajara.com\/index.php?rest_route=\/wp\/v2\/users\/1"}],"replies":[{"embeddable":true,"href":"https:\/\/blog.sierranortedeguadalajara.com\/index.php?rest_route=%2Fwp%2Fv2%2Fcomments&post=1674"}],"version-history":[{"count":1,"href":"https:\/\/blog.sierranortedeguadalajara.com\/index.php?rest_route=\/wp\/v2\/posts\/1674\/revisions"}],"predecessor-version":[{"id":32743,"href":"https:\/\/blog.sierranortedeguadalajara.com\/index.php?rest_route=\/wp\/v2\/posts\/1674\/revisions\/32743"}],"wp:attachment":[{"href":"https:\/\/blog.sierranortedeguadalajara.com\/index.php?rest_route=%2Fwp%2Fv2%2Fmedia&parent=1674"}],"wp:term":[{"taxonomy":"category","embeddable":true,"href":"https:\/\/blog.sierranortedeguadalajara.com\/index.php?rest_route=%2Fwp%2Fv2%2Fcategories&post=1674"},{"taxonomy":"post_tag","embeddable":true,"href":"https:\/\/blog.sierranortedeguadalajara.com\/index.php?rest_route=%2Fwp%2Fv2%2Ftags&post=1674"}],"curies":[{"name":"wp","href":"https:\/\/api.w.org\/{rel}","templated":true}]}}