{"id":16735,"date":"2015-12-28T00:05:25","date_gmt":"2015-12-27T23:05:25","guid":{"rendered":"http:\/\/blog.laveredadepuebla.com\/?p=16735"},"modified":"2023-02-10T12:16:28","modified_gmt":"2023-02-10T12:16:28","slug":"el-ocejon-un-volcan-dormido","status":"publish","type":"post","link":"https:\/\/blog.sierranortedeguadalajara.com\/?p=16735","title":{"rendered":"El Ocej\u00f3n, un volc\u00e1n dormido"},"content":{"rendered":"<p>As\u00ed lo afirma un estudio de la <span style=\"color:#800000;\"><strong>Earsten Ontario University<\/strong><\/span> en colaboraci\u00f3n con el<strong><span style=\"color:#800000;\"> Instituto Geof\u00edsico HPN<\/span><\/strong>, publicado recientemente en una prestigiosa revista de vulcanolog\u00eda. Seg\u00fan este informe, el Ocej\u00f3n estuvo activo hasta<span style=\"color:#800000;\"><strong> el Plioceno<\/strong><\/span> <em>(10.000 a\u00f1os a.c.)<\/em> como denotan los restos del cr\u00e1ter, el actual <a href=\"http:\/\/blog.laveredadepuebla.com\/2015\/11\/27\/camino-del-ocejon\/\"><span style=\"color:#000000;\"><em><strong>Collado de las Perdices<\/strong>,<\/em><\/span><\/a> con su forma circular.<\/p>\n<p><img loading=\"lazy\" decoding=\"async\" class=\"alignright size-medium wp-image-16736\" src=\"https:\/\/blog.sierranortedeguadalajara.com\/wp-content\/uploads\/2023\/02\/151228-ocejon.jpg\" alt=\"151228 ocejon\" width=\"300\" height=\"225\" \/>Un grupo de ge\u00f3logos abogan por llamarlo<em><span style=\"color:#800000;\"><strong> \u201cvolc\u00e1n inactivo\u201d<\/strong> <\/span><\/em>ya que no hay documentada ninguna erupci\u00f3n; otros afirman que no ser\u00eda correcto, ya que se producen con cierta periodicidad emanaciones de <span style=\"color:#800000;\"><strong>di\u00f3xido de carbono,<\/strong><\/span> que pasan desapercibidas por ser un gas inodoro y no t\u00f3xico. En invierno abundan las nieblas en la cumbre y la respiraci\u00f3n se hace dificultosa, como confirman los monta\u00f1eros. Y es que a baja temperatura el <strong><span style=\"color:#800000;\">di\u00f3xido de carbono<\/span><\/strong> tiene un peso similar al aire y se acumula a pocos metros del suelo. Las im\u00e1genes del art\u00edculo parecen confirmar esta hip\u00f3tesis.<\/p>\n<p>Habitantes de <em><strong><a href=\"http:\/\/www.pueblosarquitecturanegra.es\/valverde-de-los-arroyos\/\">Valverde de los Arroyos<\/a><\/strong><\/em> comentaban que, en algunas noches del invierno m\u00e1s crudo, se oye un leve crepitar procedente del Ocej\u00f3n y que ellos achacaban a la nieve cuando se hiela y\/o deshiela. Ahora est\u00e1n seguros que se debe a la actividad del volc\u00e1n.<\/p>\n<p><em><strong>Lar-ami<\/strong><\/em><\/p>\n","protected":false},"excerpt":{"rendered":"<p>As\u00ed lo afirma un estudio de la Earsten Ontario University en colaboraci\u00f3n con el Instituto Geof\u00edsico HPN, publicado recientemente en una prestigiosa revista de vulcanolog\u00eda. Seg\u00fan este informe, el Ocej\u00f3n estuvo activo hasta el Plioceno (10.000 a\u00f1os a.c.) como denotan los restos del cr\u00e1ter, el actual Collado de las Perdices, con su forma circular. Un &hellip; <\/p>\n<p class=\"link-more\"><a href=\"https:\/\/blog.sierranortedeguadalajara.com\/?p=16735\" class=\"more-link\">Seguir leyendo<span class=\"screen-reader-text\"> \u00abEl Ocej\u00f3n, un volc\u00e1n dormido\u00bb<\/span><\/a><\/p>\n","protected":false},"author":1,"featured_media":0,"comment_status":"open","ping_status":"open","sticky":false,"template":"","format":"standard","meta":{"footnotes":""},"categories":[12,17],"tags":[2,7,38,10],"class_list":["post-16735","post","type-post","status-publish","format-standard","hentry","category-actualidad","category-paisajes-y-lugares-de-la-sierra-norte","tag-actualidad","tag-naturaleza","tag-ocejon","tag-sierra-norte","entry"],"_links":{"self":[{"href":"https:\/\/blog.sierranortedeguadalajara.com\/index.php?rest_route=\/wp\/v2\/posts\/16735","targetHints":{"allow":["GET"]}}],"collection":[{"href":"https:\/\/blog.sierranortedeguadalajara.com\/index.php?rest_route=\/wp\/v2\/posts"}],"about":[{"href":"https:\/\/blog.sierranortedeguadalajara.com\/index.php?rest_route=\/wp\/v2\/types\/post"}],"author":[{"embeddable":true,"href":"https:\/\/blog.sierranortedeguadalajara.com\/index.php?rest_route=\/wp\/v2\/users\/1"}],"replies":[{"embeddable":true,"href":"https:\/\/blog.sierranortedeguadalajara.com\/index.php?rest_route=%2Fwp%2Fv2%2Fcomments&post=16735"}],"version-history":[{"count":1,"href":"https:\/\/blog.sierranortedeguadalajara.com\/index.php?rest_route=\/wp\/v2\/posts\/16735\/revisions"}],"predecessor-version":[{"id":27553,"href":"https:\/\/blog.sierranortedeguadalajara.com\/index.php?rest_route=\/wp\/v2\/posts\/16735\/revisions\/27553"}],"wp:attachment":[{"href":"https:\/\/blog.sierranortedeguadalajara.com\/index.php?rest_route=%2Fwp%2Fv2%2Fmedia&parent=16735"}],"wp:term":[{"taxonomy":"category","embeddable":true,"href":"https:\/\/blog.sierranortedeguadalajara.com\/index.php?rest_route=%2Fwp%2Fv2%2Fcategories&post=16735"},{"taxonomy":"post_tag","embeddable":true,"href":"https:\/\/blog.sierranortedeguadalajara.com\/index.php?rest_route=%2Fwp%2Fv2%2Ftags&post=16735"}],"curies":[{"name":"wp","href":"https:\/\/api.w.org\/{rel}","templated":true}]}}