{"id":16693,"date":"2016-01-07T00:05:06","date_gmt":"2016-01-06T23:05:06","guid":{"rendered":"http:\/\/blog.laveredadepuebla.com\/?p=16693"},"modified":"2023-02-10T12:16:24","modified_gmt":"2023-02-10T12:16:24","slug":"la-sierra-norte-en-los-mapas","status":"publish","type":"post","link":"https:\/\/blog.sierranortedeguadalajara.com\/?p=16693","title":{"rendered":"La Sierra Norte en los mapas"},"content":{"rendered":"<p>Resulta curioso que en campa\u00f1a electoral todos los partidos pol\u00edticos se acuerden de <a href=\"http:\/\/blog.laveredadepuebla.com\/2011\/04\/01\/parque-natural-sierra-norte-de-guadalajara\/\"><em><strong>la Sierra Norte<\/strong><\/em><\/a><em><strong>,<\/strong><\/em> cuando en los cuatro a\u00f1os anteriores no sab\u00edan situarla en el mapa. Las Administraciones han divulgado poco la sierra, pero aunque duela reconocerlo, los serranos tampoco hemos hecho demasiados alardes. Pero va siendo hora de ponerla en los mapas.<img loading=\"lazy\" decoding=\"async\" class=\"aligncenter size-large wp-image-16437\" src=\"https:\/\/blog.sierranortedeguadalajara.com\/wp-content\/uploads\/2023\/02\/151020-que-se-puede-1.jpg\" alt=\"151020 que se puede 1\" width=\"500\" height=\"500\" \/><\/p>\n<p><img loading=\"lazy\" decoding=\"async\" class=\"alignleft wp-image-16695\" src=\"https:\/\/blog.sierranortedeguadalajara.com\/wp-content\/uploads\/2023\/02\/151217-mapa-1550.jpg\" alt=\"151217 Mapa 1550\" width=\"240\" height=\"194\" \/><img loading=\"lazy\" decoding=\"async\" class=\"alignright wp-image-16694\" src=\"https:\/\/blog.sierranortedeguadalajara.com\/wp-content\/uploads\/2023\/02\/151217-mapas-1540.jpg\" alt=\"151217 Mapas 1540\" width=\"240\" height=\"190\" \/>Y me permito utilizar im\u00e1genes que divulg\u00f3 nuestro buen amigo <a href=\"http:\/\/jserranobelinchon.blogspot.com.es\/2015\/06\/gente-de-primera-tomas-barra.html\"><em><strong>Tom\u00e1s Barra<\/strong><\/em><\/a> para recordar a todos que la <a href=\"http:\/\/blog.laveredadepuebla.com\/2015\/06\/25\/las-sierras-de-la-sierra-norte\/\"><strong><em>Sierra Norte<\/em> <\/strong><\/a>existi\u00f3 siempre, incluso en el siglo XVI. Aunque han pasado 500 a\u00f1os, los problemas del mundo rural y serrano contin\u00faan sin resolverse. <em>\u00a1<strong>Seguimos esperando soluciones!<\/strong><\/em><\/p>\n<p><em><strong>Lar-ami<\/strong><\/em><\/p>\n","protected":false},"excerpt":{"rendered":"<p>Resulta curioso que en campa\u00f1a electoral todos los partidos pol\u00edticos se acuerden de la Sierra Norte, cuando en los cuatro a\u00f1os anteriores no sab\u00edan situarla en el mapa. Las Administraciones han divulgado poco la sierra, pero aunque duela reconocerlo, los serranos tampoco hemos hecho demasiados alardes. Pero va siendo hora de ponerla en los mapas. &hellip; <\/p>\n<p class=\"link-more\"><a href=\"https:\/\/blog.sierranortedeguadalajara.com\/?p=16693\" class=\"more-link\">Seguir leyendo<span class=\"screen-reader-text\"> \u00abLa Sierra Norte en los mapas\u00bb<\/span><\/a><\/p>\n","protected":false},"author":1,"featured_media":0,"comment_status":"open","ping_status":"open","sticky":false,"template":"","format":"standard","meta":{"footnotes":""},"categories":[12,6],"tags":[2,4,5,7,10],"class_list":["post-16693","post","type-post","status-publish","format-standard","hentry","category-actualidad","category-mundo-rural","tag-actualidad","tag-cultura","tag-historia","tag-naturaleza","tag-sierra-norte","entry"],"_links":{"self":[{"href":"https:\/\/blog.sierranortedeguadalajara.com\/index.php?rest_route=\/wp\/v2\/posts\/16693","targetHints":{"allow":["GET"]}}],"collection":[{"href":"https:\/\/blog.sierranortedeguadalajara.com\/index.php?rest_route=\/wp\/v2\/posts"}],"about":[{"href":"https:\/\/blog.sierranortedeguadalajara.com\/index.php?rest_route=\/wp\/v2\/types\/post"}],"author":[{"embeddable":true,"href":"https:\/\/blog.sierranortedeguadalajara.com\/index.php?rest_route=\/wp\/v2\/users\/1"}],"replies":[{"embeddable":true,"href":"https:\/\/blog.sierranortedeguadalajara.com\/index.php?rest_route=%2Fwp%2Fv2%2Fcomments&post=16693"}],"version-history":[{"count":1,"href":"https:\/\/blog.sierranortedeguadalajara.com\/index.php?rest_route=\/wp\/v2\/posts\/16693\/revisions"}],"predecessor-version":[{"id":27538,"href":"https:\/\/blog.sierranortedeguadalajara.com\/index.php?rest_route=\/wp\/v2\/posts\/16693\/revisions\/27538"}],"wp:attachment":[{"href":"https:\/\/blog.sierranortedeguadalajara.com\/index.php?rest_route=%2Fwp%2Fv2%2Fmedia&parent=16693"}],"wp:term":[{"taxonomy":"category","embeddable":true,"href":"https:\/\/blog.sierranortedeguadalajara.com\/index.php?rest_route=%2Fwp%2Fv2%2Fcategories&post=16693"},{"taxonomy":"post_tag","embeddable":true,"href":"https:\/\/blog.sierranortedeguadalajara.com\/index.php?rest_route=%2Fwp%2Fv2%2Ftags&post=16693"}],"curies":[{"name":"wp","href":"https:\/\/api.w.org\/{rel}","templated":true}]}}