{"id":16630,"date":"2015-12-01T08:05:08","date_gmt":"2015-12-01T07:05:08","guid":{"rendered":"http:\/\/blog.laveredadepuebla.com\/?p=16630"},"modified":"2023-02-10T12:16:36","modified_gmt":"2023-02-10T12:16:36","slug":"coplillas-de-ciego-de-la-sierra-norte-diciembre","status":"publish","type":"post","link":"https:\/\/blog.sierranortedeguadalajara.com\/?p=16630","title":{"rendered":"Coplillas de ciego de la Sierra Norte: diciembre"},"content":{"rendered":"<p>Un excelente trabajo de <span style=\"color:#800000;\"><strong>Jos\u00e9 Fernando Benito<\/strong><\/span>, con dibujos de <strong><span style=\"color:#800000;\">Antonio Herrera<\/span> <\/strong>y maquetaci\u00f3n de<strong><em> Jos\u00e9 Mar\u00eda Alonso<\/em><\/strong>, recoge en <a href=\"http:\/\/serraniadeguadalajara.com\/DiccionarioSerrano201510.pdf\"><em><strong>lenguaje serrano<\/strong> <\/em><\/a>y en formato de <a href=\"http:\/\/blog.laveredadepuebla.com\/2015\/10\/22\/coplillas-de-ciego-en-la-sierra-norte\/\"><strong><em>coplillas de ciego<\/em> <\/strong><\/a>las tareas de diciembre.<img loading=\"lazy\" decoding=\"async\" class=\"aligncenter size-large wp-image-16631\" src=\"https:\/\/blog.sierranortedeguadalajara.com\/wp-content\/uploads\/2023\/02\/151201-coplillas-dic.jpg\" alt=\"151201 coplillas dic\" width=\"500\" height=\"584\" \/><em><strong>Lar-ami<\/strong><\/em><\/p>\n","protected":false},"excerpt":{"rendered":"<p>Un excelente trabajo de Jos\u00e9 Fernando Benito, con dibujos de Antonio Herrera y maquetaci\u00f3n de Jos\u00e9 Mar\u00eda Alonso, recoge en lenguaje serrano y en formato de coplillas de ciego las tareas de diciembre.Lar-ami<\/p>\n","protected":false},"author":1,"featured_media":0,"comment_status":"open","ping_status":"open","sticky":false,"template":"","format":"standard","meta":{"footnotes":""},"categories":[12,42,15],"tags":[2,100,4,7,10],"class_list":["post-16630","post","type-post","status-publish","format-standard","hentry","category-actualidad","category-fiestas-y-eventos","category-rincones-de-guadalajara","tag-actualidad","tag-costumbres-y-tradiciones","tag-cultura","tag-naturaleza","tag-sierra-norte","entry"],"_links":{"self":[{"href":"https:\/\/blog.sierranortedeguadalajara.com\/index.php?rest_route=\/wp\/v2\/posts\/16630","targetHints":{"allow":["GET"]}}],"collection":[{"href":"https:\/\/blog.sierranortedeguadalajara.com\/index.php?rest_route=\/wp\/v2\/posts"}],"about":[{"href":"https:\/\/blog.sierranortedeguadalajara.com\/index.php?rest_route=\/wp\/v2\/types\/post"}],"author":[{"embeddable":true,"href":"https:\/\/blog.sierranortedeguadalajara.com\/index.php?rest_route=\/wp\/v2\/users\/1"}],"replies":[{"embeddable":true,"href":"https:\/\/blog.sierranortedeguadalajara.com\/index.php?rest_route=%2Fwp%2Fv2%2Fcomments&post=16630"}],"version-history":[{"count":1,"href":"https:\/\/blog.sierranortedeguadalajara.com\/index.php?rest_route=\/wp\/v2\/posts\/16630\/revisions"}],"predecessor-version":[{"id":27592,"href":"https:\/\/blog.sierranortedeguadalajara.com\/index.php?rest_route=\/wp\/v2\/posts\/16630\/revisions\/27592"}],"wp:attachment":[{"href":"https:\/\/blog.sierranortedeguadalajara.com\/index.php?rest_route=%2Fwp%2Fv2%2Fmedia&parent=16630"}],"wp:term":[{"taxonomy":"category","embeddable":true,"href":"https:\/\/blog.sierranortedeguadalajara.com\/index.php?rest_route=%2Fwp%2Fv2%2Fcategories&post=16630"},{"taxonomy":"post_tag","embeddable":true,"href":"https:\/\/blog.sierranortedeguadalajara.com\/index.php?rest_route=%2Fwp%2Fv2%2Ftags&post=16630"}],"curies":[{"name":"wp","href":"https:\/\/api.w.org\/{rel}","templated":true}]}}