{"id":16627,"date":"2015-11-30T00:05:54","date_gmt":"2015-11-29T23:05:54","guid":{"rendered":"http:\/\/blog.laveredadepuebla.com\/?p=16627"},"modified":"2023-02-10T12:16:36","modified_gmt":"2023-02-10T12:16:36","slug":"fiestas-de-diciembre-en-la-sierra-norte","status":"publish","type":"post","link":"https:\/\/blog.sierranortedeguadalajara.com\/?p=16627","title":{"rendered":"Fiestas de diciembre en la Sierra Norte"},"content":{"rendered":"<p>Este mes viene marcado por la fiesta de la <span style=\"color:#800000;\"><strong>Pur\u00edsima Concepci\u00f3n<\/strong> <\/span><em>(en algunos lugares hab\u00eda procesi\u00f3n de las mujeres)<\/em>, por la<strong><span style=\"color:#800000;\"> Navidad y Fin de A\u00f1o<\/span><\/strong>.<\/p>\n<p>Anta\u00f1o, estas fiestas ten\u00edan un sabor especial en la <a href=\"http:\/\/blog.laveredadepuebla.com\/2011\/04\/01\/parque-natural-sierra-norte-de-guadalajara\/\"><strong><em>Sierra Norte<\/em><\/strong><\/a>, pero la despoblaci\u00f3n las ha convertido en reliquias en la mayor\u00eda de nuestros pueblos <em>(b<a href=\"http:\/\/blog.laveredadepuebla.com\/2011\/01\/22\/tiempo-de-botargas\/\"><strong>otarga de fin de a\u00f1o<\/strong><\/a>, <a href=\"http:\/\/blog.laveredadepuebla.com\/2009\/12\/23\/cantares-de-nochebuena-villancicos\/\"><strong>rondas de villancicos y cantares<\/strong><\/a>\u2026)<\/em> Pero a\u00fan quedan estas que enumeramos, aunque falten algunas <em>(si conoces alguna m\u00e1s te agradecer\u00e9 me lo hagas saber)<\/em><\/p>\n<ul>\n<li>6 La matanza en <strong><em><a href=\"http:\/\/www.laveredadepuebla.com\/rutasypueblos\/muriel.pdf\">Muriel<\/a><\/em><\/strong><\/li>\n<li>13 Fiesta de las migas en <a href=\"http:\/\/www.turismocastillalamancha.es\/patrimonio\/jadraque-3831\/visita\/\"><em><strong>Jadraque<\/strong><\/em><\/a><img loading=\"lazy\" decoding=\"async\" class=\"alignright size-medium wp-image-16628\" src=\"https:\/\/blog.sierranortedeguadalajara.com\/wp-content\/uploads\/2023\/02\/151130-fistas-diciembre.jpg\" alt=\"151130 Fistas diciembre\" width=\"300\" height=\"225\" \/><\/li>\n<li>20 <a href=\"http:\/\/ocejon.es.tl\/BELEN-EN-EL-OCEJON.htm\"><em><strong>Puesta del bel\u00e9n en el Ocej\u00f3n<\/strong><\/em><\/a>, subida desde Majaerayo, organizada por el <strong><span style=\"color:#800000;\">Club Alcarre\u00f1o de Monta\u00f1a.<\/span><\/strong><\/li>\n<li>31 Fiesta de Fin de a\u00f1o en el bar del pueblo<strong><em><a href=\"http:\/\/www.laveredadepuebla.com\/rutasypueblos\/pueblava.pdf\"> (Puebla de Valles)<\/a><\/em><\/strong><\/li>\n<\/ul>\n<p>Pero son muchas las familias que aprovechan Nochebuena y Nochevieja para pasarlas en la casa del pueblo y as\u00ed se refuerzan sus lazos con su tierra. Para los visitantes es una excelente oportunidad para comprobar que la <strong><em><a href=\"http:\/\/www.sierranortedeguadalajara.com\">Sierra Norte es un para\u00edso al alcance de todos.<\/a><\/em><\/strong><\/p>\n<p>Lar-ami<\/p>\n","protected":false},"excerpt":{"rendered":"<p>Este mes viene marcado por la fiesta de la Pur\u00edsima Concepci\u00f3n (en algunos lugares hab\u00eda procesi\u00f3n de las mujeres), por la Navidad y Fin de A\u00f1o. Anta\u00f1o, estas fiestas ten\u00edan un sabor especial en la Sierra Norte, pero la despoblaci\u00f3n las ha convertido en reliquias en la mayor\u00eda de nuestros pueblos (botarga de fin de &hellip; <\/p>\n<p class=\"link-more\"><a href=\"https:\/\/blog.sierranortedeguadalajara.com\/?p=16627\" class=\"more-link\">Seguir leyendo<span class=\"screen-reader-text\"> \u00abFiestas de diciembre en la Sierra Norte\u00bb<\/span><\/a><\/p>\n","protected":false},"author":1,"featured_media":0,"comment_status":"open","ping_status":"open","sticky":false,"template":"","format":"standard","meta":{"footnotes":""},"categories":[12,42,15],"tags":[2,100,4,5,10],"class_list":["post-16627","post","type-post","status-publish","format-standard","hentry","category-actualidad","category-fiestas-y-eventos","category-rincones-de-guadalajara","tag-actualidad","tag-costumbres-y-tradiciones","tag-cultura","tag-historia","tag-sierra-norte","entry"],"_links":{"self":[{"href":"https:\/\/blog.sierranortedeguadalajara.com\/index.php?rest_route=\/wp\/v2\/posts\/16627","targetHints":{"allow":["GET"]}}],"collection":[{"href":"https:\/\/blog.sierranortedeguadalajara.com\/index.php?rest_route=\/wp\/v2\/posts"}],"about":[{"href":"https:\/\/blog.sierranortedeguadalajara.com\/index.php?rest_route=\/wp\/v2\/types\/post"}],"author":[{"embeddable":true,"href":"https:\/\/blog.sierranortedeguadalajara.com\/index.php?rest_route=\/wp\/v2\/users\/1"}],"replies":[{"embeddable":true,"href":"https:\/\/blog.sierranortedeguadalajara.com\/index.php?rest_route=%2Fwp%2Fv2%2Fcomments&post=16627"}],"version-history":[{"count":1,"href":"https:\/\/blog.sierranortedeguadalajara.com\/index.php?rest_route=\/wp\/v2\/posts\/16627\/revisions"}],"predecessor-version":[{"id":27594,"href":"https:\/\/blog.sierranortedeguadalajara.com\/index.php?rest_route=\/wp\/v2\/posts\/16627\/revisions\/27594"}],"wp:attachment":[{"href":"https:\/\/blog.sierranortedeguadalajara.com\/index.php?rest_route=%2Fwp%2Fv2%2Fmedia&parent=16627"}],"wp:term":[{"taxonomy":"category","embeddable":true,"href":"https:\/\/blog.sierranortedeguadalajara.com\/index.php?rest_route=%2Fwp%2Fv2%2Fcategories&post=16627"},{"taxonomy":"post_tag","embeddable":true,"href":"https:\/\/blog.sierranortedeguadalajara.com\/index.php?rest_route=%2Fwp%2Fv2%2Ftags&post=16627"}],"curies":[{"name":"wp","href":"https:\/\/api.w.org\/{rel}","templated":true}]}}