{"id":16622,"date":"2015-11-27T00:05:09","date_gmt":"2015-11-26T23:05:09","guid":{"rendered":"http:\/\/blog.laveredadepuebla.com\/?p=16622"},"modified":"2023-02-10T12:16:37","modified_gmt":"2023-02-10T12:16:37","slug":"camino-del-ocejon","status":"publish","type":"post","link":"https:\/\/blog.sierranortedeguadalajara.com\/?p=16622","title":{"rendered":"Camino del Ocej\u00f3n"},"content":{"rendered":"<p>La <a href=\"http:\/\/blog.laveredadepuebla.com\/2014\/09\/22\/rutas-al-ocejon\/\"><em><strong>ruta del Ocej\u00f3n<\/strong><\/em><\/a> desde<a href=\"http:\/\/www.pueblosarquitecturanegra.es\/valverde-de-los-arroyos\/\"><em><strong> Valverde de los Arroyos<\/strong><\/em><\/a> ofrece todo un espect\u00e1culo de paisaje y de color. Y si es con niebla, mucho m\u00e1s.<\/p>\n<p><img loading=\"lazy\" decoding=\"async\" class=\"aligncenter size-large wp-image-16623\" src=\"https:\/\/blog.sierranortedeguadalajara.com\/wp-content\/uploads\/2023\/02\/151127-cocejon-1.jpg\" alt=\"151127 cocejon 1\" width=\"500\" height=\"375\" \/>Las im\u00e1genes de la cascada de Despe\u00f1alagua desde la lejan\u00eda envuelta en la bruma, del valle con sus colores chillones, \u00f3 del <a href=\"http:\/\/blog.laveredadepuebla.com\/2014\/09\/15\/padre-ocejon\/\"><em><strong>padre Ocej\u00f3n<\/strong><\/em><\/a> semioculto tras la niebla,\u2026 despiertan en el caminante un estado de \u00e9xtasis que le hace olvidar por qu\u00e9 est\u00e1 aqu\u00ed.<\/p>\n<p><img loading=\"lazy\" decoding=\"async\" class=\"alignleft wp-image-16624\" src=\"https:\/\/blog.sierranortedeguadalajara.com\/wp-content\/uploads\/2023\/02\/151127-cocejon-2.jpg\" alt=\"151127 cocejon 2\" width=\"240\" height=\"180\" \/><img loading=\"lazy\" decoding=\"async\" class=\"alignright wp-image-16625\" src=\"https:\/\/blog.sierranortedeguadalajara.com\/wp-content\/uploads\/2023\/02\/151127-cocejon-3.jpg\" alt=\"151127 cocejon 3\" width=\"240\" height=\"180\" \/>Y una vez m\u00e1s se confirma el refr\u00e1n popular: l<span style=\"color:#800000;\"><em><strong>o importante no es llegar, sino hacer el camino.<\/strong><\/em><\/span><\/p>\n<p><em><strong>Lar-ami<\/strong><\/em><\/p>\n","protected":false},"excerpt":{"rendered":"<p>La ruta del Ocej\u00f3n desde Valverde de los Arroyos ofrece todo un espect\u00e1culo de paisaje y de color. Y si es con niebla, mucho m\u00e1s. Las im\u00e1genes de la cascada de Despe\u00f1alagua desde la lejan\u00eda envuelta en la bruma, del valle con sus colores chillones, \u00f3 del padre Ocej\u00f3n semioculto tras la niebla,\u2026 despiertan en &hellip; <\/p>\n<p class=\"link-more\"><a href=\"https:\/\/blog.sierranortedeguadalajara.com\/?p=16622\" class=\"more-link\">Seguir leyendo<span class=\"screen-reader-text\"> \u00abCamino del Ocej\u00f3n\u00bb<\/span><\/a><\/p>\n","protected":false},"author":1,"featured_media":0,"comment_status":"open","ping_status":"open","sticky":false,"template":"","format":"standard","meta":{"footnotes":""},"categories":[12,17],"tags":[2,4,7,38,10],"class_list":["post-16622","post","type-post","status-publish","format-standard","hentry","category-actualidad","category-paisajes-y-lugares-de-la-sierra-norte","tag-actualidad","tag-cultura","tag-naturaleza","tag-ocejon","tag-sierra-norte","entry"],"_links":{"self":[{"href":"https:\/\/blog.sierranortedeguadalajara.com\/index.php?rest_route=\/wp\/v2\/posts\/16622","targetHints":{"allow":["GET"]}}],"collection":[{"href":"https:\/\/blog.sierranortedeguadalajara.com\/index.php?rest_route=\/wp\/v2\/posts"}],"about":[{"href":"https:\/\/blog.sierranortedeguadalajara.com\/index.php?rest_route=\/wp\/v2\/types\/post"}],"author":[{"embeddable":true,"href":"https:\/\/blog.sierranortedeguadalajara.com\/index.php?rest_route=\/wp\/v2\/users\/1"}],"replies":[{"embeddable":true,"href":"https:\/\/blog.sierranortedeguadalajara.com\/index.php?rest_route=%2Fwp%2Fv2%2Fcomments&post=16622"}],"version-history":[{"count":1,"href":"https:\/\/blog.sierranortedeguadalajara.com\/index.php?rest_route=\/wp\/v2\/posts\/16622\/revisions"}],"predecessor-version":[{"id":27598,"href":"https:\/\/blog.sierranortedeguadalajara.com\/index.php?rest_route=\/wp\/v2\/posts\/16622\/revisions\/27598"}],"wp:attachment":[{"href":"https:\/\/blog.sierranortedeguadalajara.com\/index.php?rest_route=%2Fwp%2Fv2%2Fmedia&parent=16622"}],"wp:term":[{"taxonomy":"category","embeddable":true,"href":"https:\/\/blog.sierranortedeguadalajara.com\/index.php?rest_route=%2Fwp%2Fv2%2Fcategories&post=16622"},{"taxonomy":"post_tag","embeddable":true,"href":"https:\/\/blog.sierranortedeguadalajara.com\/index.php?rest_route=%2Fwp%2Fv2%2Ftags&post=16622"}],"curies":[{"name":"wp","href":"https:\/\/api.w.org\/{rel}","templated":true}]}}