{"id":16614,"date":"2015-11-25T00:05:04","date_gmt":"2015-11-24T23:05:04","guid":{"rendered":"http:\/\/blog.laveredadepuebla.com\/?p=16614"},"modified":"2023-02-10T12:16:38","modified_gmt":"2023-02-10T12:16:38","slug":"el-fronton-en-la-sierra-norte","status":"publish","type":"post","link":"https:\/\/blog.sierranortedeguadalajara.com\/?p=16614","title":{"rendered":"El front\u00f3n en la Sierra Norte"},"content":{"rendered":"<p>Al visitante le sorprende la existencia de <a href=\"http:\/\/laveredadepuebla.wordpress.com\/2010\/06\/11\/el%20fronton\"><strong><em>front\u00f3n<\/em> <\/strong><\/a>en muchos pueblos de la <a href=\"http:\/\/blog.laveredadepuebla.com\/2011\/04\/01\/parque-natural-sierra-norte-de-guadalajara\/\"><strong><em>Sierra Norte<\/em><\/strong><\/a>. A los que saben de su origen vasco y\/o navarro durante la repoblaci\u00f3n de los siglos XII y XIII, les llama la atenci\u00f3n que no haya m\u00e1s.<\/p>\n<p><img loading=\"lazy\" decoding=\"async\" class=\"alignright size-medium wp-image-16615\" src=\"https:\/\/blog.sierranortedeguadalajara.com\/wp-content\/uploads\/2023\/02\/151125-fronton-1.jpg\" alt=\"151125 fronton 1\" width=\"300\" height=\"225\" \/>Hay que explicar que no siempre el front\u00f3n era una prioridad para el Concejo,\u2026 sobre todo si hab\u00eda una buena pared para practicarlo, que sol\u00eda corresponder a la de la iglesia. O que con la despoblaci\u00f3n los frontones perdieron su sentido, fueron derribados y\/o cayeron en el abandono.<\/p>\n<p>Raras veces los habitantes de fines de semana usan el front\u00f3n para frontenis y solo en ocasiones especiales se rememoran aquellos partidos a mano, como en el <a href=\"http:\/\/www.serraniadeguadalajara.com\"><em><strong>d\u00eda de la Sierra<\/strong><\/em><\/a>. Claro que la dureza de la pelota desanima a cualquiera, y eso que ya no<strong><em><a href=\"http:\/\/laveredadepuebla.wordpress.com\/2010\/06\/11\/el fronton\"> se hace como antes.<\/a><\/em><\/strong><\/p>\n<p><em><strong>Lar-ami<\/strong> <\/em><\/p>\n","protected":false},"excerpt":{"rendered":"<p>Al visitante le sorprende la existencia de front\u00f3n en muchos pueblos de la Sierra Norte. A los que saben de su origen vasco y\/o navarro durante la repoblaci\u00f3n de los siglos XII y XIII, les llama la atenci\u00f3n que no haya m\u00e1s. Hay que explicar que no siempre el front\u00f3n era una prioridad para el &hellip; <\/p>\n<p class=\"link-more\"><a href=\"https:\/\/blog.sierranortedeguadalajara.com\/?p=16614\" class=\"more-link\">Seguir leyendo<span class=\"screen-reader-text\"> \u00abEl front\u00f3n en la Sierra Norte\u00bb<\/span><\/a><\/p>\n","protected":false},"author":1,"featured_media":0,"comment_status":"open","ping_status":"open","sticky":false,"template":"","format":"standard","meta":{"footnotes":""},"categories":[3,42,6],"tags":[2,4,5,10],"class_list":["post-16614","post","type-post","status-publish","format-standard","hentry","category-costumbres-y-tradiciones","category-fiestas-y-eventos","category-mundo-rural","tag-actualidad","tag-cultura","tag-historia","tag-sierra-norte","entry"],"_links":{"self":[{"href":"https:\/\/blog.sierranortedeguadalajara.com\/index.php?rest_route=\/wp\/v2\/posts\/16614","targetHints":{"allow":["GET"]}}],"collection":[{"href":"https:\/\/blog.sierranortedeguadalajara.com\/index.php?rest_route=\/wp\/v2\/posts"}],"about":[{"href":"https:\/\/blog.sierranortedeguadalajara.com\/index.php?rest_route=\/wp\/v2\/types\/post"}],"author":[{"embeddable":true,"href":"https:\/\/blog.sierranortedeguadalajara.com\/index.php?rest_route=\/wp\/v2\/users\/1"}],"replies":[{"embeddable":true,"href":"https:\/\/blog.sierranortedeguadalajara.com\/index.php?rest_route=%2Fwp%2Fv2%2Fcomments&post=16614"}],"version-history":[{"count":1,"href":"https:\/\/blog.sierranortedeguadalajara.com\/index.php?rest_route=\/wp\/v2\/posts\/16614\/revisions"}],"predecessor-version":[{"id":27602,"href":"https:\/\/blog.sierranortedeguadalajara.com\/index.php?rest_route=\/wp\/v2\/posts\/16614\/revisions\/27602"}],"wp:attachment":[{"href":"https:\/\/blog.sierranortedeguadalajara.com\/index.php?rest_route=%2Fwp%2Fv2%2Fmedia&parent=16614"}],"wp:term":[{"taxonomy":"category","embeddable":true,"href":"https:\/\/blog.sierranortedeguadalajara.com\/index.php?rest_route=%2Fwp%2Fv2%2Fcategories&post=16614"},{"taxonomy":"post_tag","embeddable":true,"href":"https:\/\/blog.sierranortedeguadalajara.com\/index.php?rest_route=%2Fwp%2Fv2%2Ftags&post=16614"}],"curies":[{"name":"wp","href":"https:\/\/api.w.org\/{rel}","templated":true}]}}