{"id":16608,"date":"2015-11-24T00:05:18","date_gmt":"2015-11-23T23:05:18","guid":{"rendered":"http:\/\/blog.laveredadepuebla.com\/?p=16608"},"modified":"2023-02-10T12:16:38","modified_gmt":"2023-02-10T12:16:38","slug":"el-embalse-de-palmaces","status":"publish","type":"post","link":"https:\/\/blog.sierranortedeguadalajara.com\/?p=16608","title":{"rendered":"El embalse de P\u00e1lmaces"},"content":{"rendered":"<figure id=\"attachment_16609\" aria-describedby=\"caption-attachment-16609\" style=\"width: 500px\" class=\"wp-caption aligncenter\"><img loading=\"lazy\" decoding=\"async\" class=\"wp-image-16609 size-large\" src=\"https:\/\/blog.sierranortedeguadalajara.com\/wp-content\/uploads\/2023\/02\/151124-epc3a1lmaces-1.jpg\" alt=\"\" width=\"500\" height=\"375\" \/><figcaption id=\"caption-attachment-16609\" class=\"wp-caption-text\"><strong><em>Cortes\u00eda http:\/\/embalses.net<\/em><\/strong><\/figcaption><\/figure>\n<p>En 1.954 se termin\u00f3 la construcci\u00f3n de esta presa, de gravedad como la de <a href=\"http:\/\/blog.laveredadepuebla.com\/2009\/08\/23\/la-presa-de-belena\/\"><strong><em>Bele\u00f1a<\/em><\/strong><\/a> <em>(construida 30 a\u00f1os despu\u00e9s en el Sorbe)<\/em>, sobre el <a href=\"https:\/\/es.wikipedia.org\/wiki\/R%C3%ADo_Ca%C3%B1amares_%28Guadalajara%29\"><em><strong>Ca\u00f1amares<\/strong><\/em><\/a>. Conviene recordar que su origen es el arroyo Miedes en la <a href=\"http:\/\/blog.laveredadepuebla.com\/2015\/06\/25\/las-sierras-de-la-sierra-norte\/\"><em><strong>Sierra del Bulejo<\/strong><\/em><\/a>, escasa de altura, en la frontera con Soria y tras un corto recorrido llega al pantano.<\/p>\n<p>Con una capacidad de 31 Hms, hace a\u00f1os que no alcanza su nivel m\u00e1ximo, quiz\u00e1s porque la presa se realiz\u00f3 en el cauce alto del r\u00edo y la cuenca del Ca\u00f1amares <em>(afluente del<a href=\"https:\/\/www.uah.es\/universidad\/ecocampus\/docs\/16\/26-50.pdf\"><strong> Henares<\/strong><\/a>)<\/em> no da m\u00e1s de s\u00ed. Actualmente est\u00e1 por debajo del 33% de su capacidad.<\/p>\n<p><img loading=\"lazy\" decoding=\"async\" class=\"alignleft wp-image-16610\" src=\"https:\/\/blog.sierranortedeguadalajara.com\/wp-content\/uploads\/2023\/02\/151124-epc3a1lmaces-3.jpg\" alt=\"151124 eP\u00e1lmaces 3\" width=\"240\" height=\"180\" \/><img loading=\"lazy\" decoding=\"async\" class=\"alignright wp-image-16611\" src=\"https:\/\/blog.sierranortedeguadalajara.com\/wp-content\/uploads\/2023\/02\/151124-epc3a1lmaces-4.jpg\" alt=\"151124 eP\u00e1lmaces 4\" width=\"240\" height=\"180\" \/>Aunque se realiz\u00f3 para riego de las tierras de Jadraque, su objetivo se cumpli\u00f3 a medias; la despoblaci\u00f3n de los a\u00f1os sesenta impidi\u00f3 que se pusieran de regad\u00edo las besanas previstas. Hoy es m\u00e1s conocido por ser de navegaci\u00f3n libre (excepto motos de agua) y por la pesca.<\/p>\n<p>La importancia del <a href=\"http:\/\/www.embalses.net\/pantano-1043-palmaces.html\"><em><strong>pantano de P\u00e1lmaces<\/strong> <\/em><\/a>se debe al <a href=\"http:\/\/www.triatlondeguadalajara.es\/palmaces\/\"><em><strong>Triatl\u00f3n de Guadalajara<\/strong><\/em><\/a>, que ha puesto al pueblo en el mapa. Situado en un precioso entorno bien merece una visita.<\/p>\n<p><em><strong>Lar-ami<\/strong><\/em><\/p>\n","protected":false},"excerpt":{"rendered":"<p>En 1.954 se termin\u00f3 la construcci\u00f3n de esta presa, de gravedad como la de Bele\u00f1a (construida 30 a\u00f1os despu\u00e9s en el Sorbe), sobre el Ca\u00f1amares. Conviene recordar que su origen es el arroyo Miedes en la Sierra del Bulejo, escasa de altura, en la frontera con Soria y tras un corto recorrido llega al pantano. &hellip; <\/p>\n<p class=\"link-more\"><a href=\"https:\/\/blog.sierranortedeguadalajara.com\/?p=16608\" class=\"more-link\">Seguir leyendo<span class=\"screen-reader-text\"> \u00abEl embalse de P\u00e1lmaces\u00bb<\/span><\/a><\/p>\n","protected":false},"author":1,"featured_media":0,"comment_status":"open","ping_status":"open","sticky":false,"template":"","format":"standard","meta":{"footnotes":""},"categories":[12,15],"tags":[2,47,4,5,7,10,60],"class_list":["post-16608","post","type-post","status-publish","format-standard","hentry","category-actualidad","category-rincones-de-guadalajara","tag-actualidad","tag-belena","tag-cultura","tag-historia","tag-naturaleza","tag-sierra-norte","tag-sorbe","entry"],"_links":{"self":[{"href":"https:\/\/blog.sierranortedeguadalajara.com\/index.php?rest_route=\/wp\/v2\/posts\/16608","targetHints":{"allow":["GET"]}}],"collection":[{"href":"https:\/\/blog.sierranortedeguadalajara.com\/index.php?rest_route=\/wp\/v2\/posts"}],"about":[{"href":"https:\/\/blog.sierranortedeguadalajara.com\/index.php?rest_route=\/wp\/v2\/types\/post"}],"author":[{"embeddable":true,"href":"https:\/\/blog.sierranortedeguadalajara.com\/index.php?rest_route=\/wp\/v2\/users\/1"}],"replies":[{"embeddable":true,"href":"https:\/\/blog.sierranortedeguadalajara.com\/index.php?rest_route=%2Fwp%2Fv2%2Fcomments&post=16608"}],"version-history":[{"count":1,"href":"https:\/\/blog.sierranortedeguadalajara.com\/index.php?rest_route=\/wp\/v2\/posts\/16608\/revisions"}],"predecessor-version":[{"id":27606,"href":"https:\/\/blog.sierranortedeguadalajara.com\/index.php?rest_route=\/wp\/v2\/posts\/16608\/revisions\/27606"}],"wp:attachment":[{"href":"https:\/\/blog.sierranortedeguadalajara.com\/index.php?rest_route=%2Fwp%2Fv2%2Fmedia&parent=16608"}],"wp:term":[{"taxonomy":"category","embeddable":true,"href":"https:\/\/blog.sierranortedeguadalajara.com\/index.php?rest_route=%2Fwp%2Fv2%2Fcategories&post=16608"},{"taxonomy":"post_tag","embeddable":true,"href":"https:\/\/blog.sierranortedeguadalajara.com\/index.php?rest_route=%2Fwp%2Fv2%2Ftags&post=16608"}],"curies":[{"name":"wp","href":"https:\/\/api.w.org\/{rel}","templated":true}]}}