{"id":16370,"date":"2015-10-06T00:05:27","date_gmt":"2015-10-05T22:05:27","guid":{"rendered":"http:\/\/blog.laveredadepuebla.com\/?p=16370"},"modified":"2023-02-10T12:17:12","modified_gmt":"2023-02-10T12:17:12","slug":"puebla-de-valles-la-carcava-37","status":"publish","type":"post","link":"https:\/\/blog.sierranortedeguadalajara.com\/?p=16370","title":{"rendered":"Puebla de Valles: la c\u00e1rcava 37"},"content":{"rendered":"<p><img loading=\"lazy\" decoding=\"async\" class=\"aligncenter size-large wp-image-16371\" src=\"https:\/\/blog.sierranortedeguadalajara.com\/wp-content\/uploads\/2023\/02\/151006-cr37-1.jpg\" alt=\"151006 cr37 1\" width=\"500\" height=\"375\" \/>Dicen que la pasi\u00f3n por <a href=\"http:\/\/www.laveredadepuebla.com\/rutasypueblos\/pueblava.pdf\"><strong><em>Puebla de Valles<\/em> <\/strong><\/a>nos ciega. <img loading=\"lazy\" decoding=\"async\" class=\"alignright wp-image-16372\" src=\"https:\/\/blog.sierranortedeguadalajara.com\/wp-content\/uploads\/2023\/02\/151006-cr37-2.jpg\" alt=\"151006 cr37 2\" width=\"225\" height=\"300\" \/><\/p>\n<p>Que no hay <a href=\"http:\/\/blog.laveredadepuebla.com\/2015\/09\/23\/puebla-de-valles-y-sus-carcavas\"><em><strong>tantas c\u00e1rcavas<\/strong><\/em><\/a> <em>(afirmamos que hay m\u00e1s de 60)<\/em> ni son <em><a href=\"http:\/\/blog.laveredadepuebla.com\/2015\/09\/25\/la-belleza-de-las-carcavas\/\"><strong>tan bellas<\/strong><\/a><\/em><\/p>\n<p>Para desmentirlo, basta con publicar im\u00e1genes de 4 c\u00e1rcavas, visibles desde el camino de la Capitana, y ubicadas en las besanas de <em>\u201clos Arrodeos, los Palomares y la Calceta\u201d. <\/em><\/p>\n<p>Aunque solo dispongo de c\u00e1mara digital y no soy un experto como <a href=\"http:\/\/www.aache.com\/alcarrians\/monje_arenas.htm\"><em><strong>Luis Monje Arenas,<\/strong><\/em><\/a> las fotos hablan por si mismas.<\/p>\n<p><img loading=\"lazy\" decoding=\"async\" class=\"alignleft size-medium wp-image-16376\" src=\"https:\/\/blog.sierranortedeguadalajara.com\/wp-content\/uploads\/2023\/02\/151006-cr37-3.jpg\" alt=\"151006 cr37 3\" width=\"300\" height=\"225\" \/><\/p>\n<p>Obviamente las c\u00e1rcavas no est\u00e1n numeradas, ni siquiera tiene nombre; nos tomamos esta licencia para distinguirlas. Hoy presentamos la <span style=\"text-decoration:underline;color:#800000;\"><strong>c\u00e1rcava 37<\/strong> <\/span>y en pr\u00f3ximas entradas las otras tres.<\/p>\n<p>Un argumento m\u00e1s que confirma que este pueblo de <a href=\"http:\/\/blog.laveredadepuebla.com\/2011\/04\/01\/parque-natural-sierra-norte-de-guadalajara\/\"><em><strong>la Sierra Norte<\/strong><\/em><\/a> es \u00fanico.<\/p>\n<p><em><strong>Lar-ami<\/strong><\/em><\/p>\n","protected":false},"excerpt":{"rendered":"<p>Dicen que la pasi\u00f3n por Puebla de Valles nos ciega. Que no hay tantas c\u00e1rcavas (afirmamos que hay m\u00e1s de 60) ni son tan bellas Para desmentirlo, basta con publicar im\u00e1genes de 4 c\u00e1rcavas, visibles desde el camino de la Capitana, y ubicadas en las besanas de \u201clos Arrodeos, los Palomares y la Calceta\u201d. Aunque &hellip; <\/p>\n<p class=\"link-more\"><a href=\"https:\/\/blog.sierranortedeguadalajara.com\/?p=16370\" class=\"more-link\">Seguir leyendo<span class=\"screen-reader-text\"> \u00abPuebla de Valles: la c\u00e1rcava 37\u00bb<\/span><\/a><\/p>\n","protected":false},"author":1,"featured_media":0,"comment_status":"open","ping_status":"open","sticky":false,"template":"","format":"standard","meta":{"footnotes":""},"categories":[12,17],"tags":[2,4,5,7,8,10],"class_list":["post-16370","post","type-post","status-publish","format-standard","hentry","category-actualidad","category-paisajes-y-lugares-de-la-sierra-norte","tag-actualidad","tag-cultura","tag-historia","tag-naturaleza","tag-puebla-de-valles","tag-sierra-norte","entry"],"_links":{"self":[{"href":"https:\/\/blog.sierranortedeguadalajara.com\/index.php?rest_route=\/wp\/v2\/posts\/16370","targetHints":{"allow":["GET"]}}],"collection":[{"href":"https:\/\/blog.sierranortedeguadalajara.com\/index.php?rest_route=\/wp\/v2\/posts"}],"about":[{"href":"https:\/\/blog.sierranortedeguadalajara.com\/index.php?rest_route=\/wp\/v2\/types\/post"}],"author":[{"embeddable":true,"href":"https:\/\/blog.sierranortedeguadalajara.com\/index.php?rest_route=\/wp\/v2\/users\/1"}],"replies":[{"embeddable":true,"href":"https:\/\/blog.sierranortedeguadalajara.com\/index.php?rest_route=%2Fwp%2Fv2%2Fcomments&post=16370"}],"version-history":[{"count":1,"href":"https:\/\/blog.sierranortedeguadalajara.com\/index.php?rest_route=\/wp\/v2\/posts\/16370\/revisions"}],"predecessor-version":[{"id":27745,"href":"https:\/\/blog.sierranortedeguadalajara.com\/index.php?rest_route=\/wp\/v2\/posts\/16370\/revisions\/27745"}],"wp:attachment":[{"href":"https:\/\/blog.sierranortedeguadalajara.com\/index.php?rest_route=%2Fwp%2Fv2%2Fmedia&parent=16370"}],"wp:term":[{"taxonomy":"category","embeddable":true,"href":"https:\/\/blog.sierranortedeguadalajara.com\/index.php?rest_route=%2Fwp%2Fv2%2Fcategories&post=16370"},{"taxonomy":"post_tag","embeddable":true,"href":"https:\/\/blog.sierranortedeguadalajara.com\/index.php?rest_route=%2Fwp%2Fv2%2Ftags&post=16370"}],"curies":[{"name":"wp","href":"https:\/\/api.w.org\/{rel}","templated":true}]}}