{"id":16354,"date":"2015-10-02T00:05:22","date_gmt":"2015-10-01T22:05:22","guid":{"rendered":"http:\/\/blog.laveredadepuebla.com\/?p=16354"},"modified":"2023-02-10T12:17:14","modified_gmt":"2023-02-10T12:17:14","slug":"contrastes-en-la-sierra-norte","status":"publish","type":"post","link":"https:\/\/blog.sierranortedeguadalajara.com\/?p=16354","title":{"rendered":"Contrastes en la Sierra Norte"},"content":{"rendered":"<p>No nos cansamos de repetirlo:\u00a0 la <a href=\"http:\/\/blog.laveredadepuebla.com\/2011\/04\/01\/parque-natural-sierra-norte-de-guadalajara\/\"><em><strong>Sierra Norte de Guadalajara<\/strong><\/em><\/a> es puro contraste de paisaje y de color. <a href=\"http:\/\/www.laveredadepuebla.com\/rutasypueblos\/pueblava.pdf\"><em><strong>Puebla de Valles<\/strong><\/em><\/a> es un vivo ejemplo.<a href=\"https:\/\/laveredadepuebla.files.wordpress.com\/2015\/09\/151002-contraste-1.jpg\"><img loading=\"lazy\" decoding=\"async\" class=\"aligncenter size-large wp-image-16355\" src=\"https:\/\/blog.sierranortedeguadalajara.com\/wp-content\/uploads\/2023\/02\/151002-contraste-1.jpg\" alt=\"151002 contraste 1\" width=\"500\" height=\"375\" \/><\/a>Estas im\u00e1genes as\u00ed lo expresan. M\u00e1xime cuando est\u00e1n tomada desde miradores del <a href=\"http:\/\/www.casadellibro.com\/libro-veredas-y-caminos-de-la-ribera-36-rutas-por-los-valles-del-jaram-a-y-del-sorbe-a-su-paso-por-guadalajara\/9788477885047\/1215165\"><em><strong>camino de la Capitana<\/strong><\/em><\/a>, separados por unos centenares de metros y con un intervalo de tiempo inferior a una hora.<\/p>\n<p><a href=\"https:\/\/laveredadepuebla.files.wordpress.com\/2015\/09\/151002-contraste-3.jpg\"><img loading=\"lazy\" decoding=\"async\" class=\"alignleft wp-image-16356\" src=\"https:\/\/blog.sierranortedeguadalajara.com\/wp-content\/uploads\/2023\/02\/151002-contraste-3.jpg\" alt=\"151002 contraste 3\" width=\"240\" height=\"180\" \/><\/a><a href=\"https:\/\/laveredadepuebla.files.wordpress.com\/2015\/09\/151002-contraste-2.jpg\"><img loading=\"lazy\" decoding=\"async\" class=\"alignright wp-image-16357\" src=\"https:\/\/blog.sierranortedeguadalajara.com\/wp-content\/uploads\/2023\/02\/151002-contraste-2.jpg\" alt=\"151002 contraste 2\" width=\"240\" height=\"180\" \/><\/a>Este pueblo de la <a href=\"http:\/\/blog.laveredadepuebla.com\/2011\/04\/01\/parque-natural-sierra-norte-de-guadalajara\/\"><em><strong>Sierra Norte<\/strong> <\/em><\/a>est\u00e1 pidiendo a gritos tu visita. Aprovecha. No siempre tienes <em><strong><a href=\"http:\/\/www.sierranortedeguadalajara.com\">un para\u00edso a tu alcance<\/a><\/strong><\/em><\/p>\n<p><em><strong>Lar-ami<\/strong><\/em><\/p>\n","protected":false},"excerpt":{"rendered":"<p>No nos cansamos de repetirlo:\u00a0 la Sierra Norte de Guadalajara es puro contraste de paisaje y de color. Puebla de Valles es un vivo ejemplo.Estas im\u00e1genes as\u00ed lo expresan. M\u00e1xime cuando est\u00e1n tomada desde miradores del camino de la Capitana, separados por unos centenares de metros y con un intervalo de tiempo inferior a una &hellip; <\/p>\n<p class=\"link-more\"><a href=\"https:\/\/blog.sierranortedeguadalajara.com\/?p=16354\" class=\"more-link\">Seguir leyendo<span class=\"screen-reader-text\"> \u00abContrastes en la Sierra Norte\u00bb<\/span><\/a><\/p>\n","protected":false},"author":1,"featured_media":0,"comment_status":"open","ping_status":"open","sticky":false,"template":"","format":"standard","meta":{"footnotes":""},"categories":[12,17],"tags":[2,4,5,7,10],"class_list":["post-16354","post","type-post","status-publish","format-standard","hentry","category-actualidad","category-paisajes-y-lugares-de-la-sierra-norte","tag-actualidad","tag-cultura","tag-historia","tag-naturaleza","tag-sierra-norte","entry"],"_links":{"self":[{"href":"https:\/\/blog.sierranortedeguadalajara.com\/index.php?rest_route=\/wp\/v2\/posts\/16354","targetHints":{"allow":["GET"]}}],"collection":[{"href":"https:\/\/blog.sierranortedeguadalajara.com\/index.php?rest_route=\/wp\/v2\/posts"}],"about":[{"href":"https:\/\/blog.sierranortedeguadalajara.com\/index.php?rest_route=\/wp\/v2\/types\/post"}],"author":[{"embeddable":true,"href":"https:\/\/blog.sierranortedeguadalajara.com\/index.php?rest_route=\/wp\/v2\/users\/1"}],"replies":[{"embeddable":true,"href":"https:\/\/blog.sierranortedeguadalajara.com\/index.php?rest_route=%2Fwp%2Fv2%2Fcomments&post=16354"}],"version-history":[{"count":1,"href":"https:\/\/blog.sierranortedeguadalajara.com\/index.php?rest_route=\/wp\/v2\/posts\/16354\/revisions"}],"predecessor-version":[{"id":27753,"href":"https:\/\/blog.sierranortedeguadalajara.com\/index.php?rest_route=\/wp\/v2\/posts\/16354\/revisions\/27753"}],"wp:attachment":[{"href":"https:\/\/blog.sierranortedeguadalajara.com\/index.php?rest_route=%2Fwp%2Fv2%2Fmedia&parent=16354"}],"wp:term":[{"taxonomy":"category","embeddable":true,"href":"https:\/\/blog.sierranortedeguadalajara.com\/index.php?rest_route=%2Fwp%2Fv2%2Fcategories&post=16354"},{"taxonomy":"post_tag","embeddable":true,"href":"https:\/\/blog.sierranortedeguadalajara.com\/index.php?rest_route=%2Fwp%2Fv2%2Ftags&post=16354"}],"curies":[{"name":"wp","href":"https:\/\/api.w.org\/{rel}","templated":true}]}}