{"id":16343,"date":"2015-09-29T00:05:26","date_gmt":"2015-09-28T22:05:26","guid":{"rendered":"http:\/\/blog.laveredadepuebla.com\/?p=16343"},"modified":"2023-02-10T12:17:17","modified_gmt":"2023-02-10T12:17:17","slug":"desconcierto-en-la-sierra-norte","status":"publish","type":"post","link":"https:\/\/blog.sierranortedeguadalajara.com\/?p=16343","title":{"rendered":"Desconcierto en la Sierra Norte"},"content":{"rendered":"<p>Estas im\u00e1genes est\u00e1n tomadas a las 12.00 h. del pasado domingo 27 de Septiembre desde el muro de la <a href=\"http:\/\/blog.laveredadepuebla.com\/2009\/08\/23\/la-presa-de-belena\/\"><em><strong>presa de Bele\u00f1a<\/strong><\/em><\/a>.<a href=\"https:\/\/laveredadepuebla.files.wordpress.com\/2015\/09\/150929-desconcierto-1.jpg\"><img loading=\"lazy\" decoding=\"async\" class=\"aligncenter wp-image-16344 size-large\" src=\"https:\/\/blog.sierranortedeguadalajara.com\/wp-content\/uploads\/2023\/02\/150929-desconcierto-1.jpg\" alt=\"150929 desconcierto 1\" width=\"500\" height=\"375\" \/><\/a><\/p>\n<p>A un lado, el embalse que est\u00e1 por<a href=\"http:\/\/www.embalses.net\/provincia-44-guadalajara.html\"><em><strong> debajo del 48 %<\/strong><\/em><\/a>; del otro una tuber\u00eda desembalsa agua a presi\u00f3n, que no corresponde al cauce ecol\u00f3gico. Este va por otra v\u00eda en forma de cascada en la margen derecha del <a href=\"http:\/\/blog.laveredadepuebla.com\/2009\/09\/05\/el-rio-sorbe\/\"><em><strong>r\u00edo Sorbe<\/strong><\/em><\/a>.<a href=\"https:\/\/laveredadepuebla.files.wordpress.com\/2015\/09\/150929-desconcierto-2.jpg\"><img loading=\"lazy\" decoding=\"async\" class=\"alignright wp-image-16345\" src=\"https:\/\/blog.sierranortedeguadalajara.com\/wp-content\/uploads\/2023\/02\/150929-desconcierto-2.jpg\" alt=\"150929 Desconcierto 2\" width=\"300\" height=\"400\" \/><\/a><\/p>\n<p>La <a href=\"http:\/\/www.aguasdelsorbe.es\/\"><em><strong>Mancomunidad de Aguas del Sorbe<\/strong><\/em><\/a> paga anuncios y folletos <em>(distribuidos a domicilio en Guadalajara)<\/em> recomendando el uso eficaz y responsable del agua. Simult\u00e1neamente, ha obtenido de la Confederaci\u00f3n Hidrogr\u00e1fica del Tajo el suministro de 8 Hms desde el <a href=\"http:\/\/www.embalses.net\/pantano-887-alcorlo.html\"><em><strong>embalse de Alcorlo<\/strong><\/em><\/a> <em>(hab\u00eda pedido 17 Hms, pero se da por satisfecha)<\/em><\/p>\n<p><em><span style=\"color:#000000;\">\u00bfEntonces? <\/span><strong><span style=\"color:#800000;\">\u00a1<a href=\"http:\/\/blog.laveredadepuebla.com\/2011\/04\/01\/parque-natural-sierra-norte-de-guadalajara\/\">Los serranos <\/a>estamos desconcertados!<\/span><\/strong><\/em><\/p>\n<p><strong><em>Lar-ami<\/em><\/strong><\/p>\n","protected":false},"excerpt":{"rendered":"<p>Estas im\u00e1genes est\u00e1n tomadas a las 12.00 h. del pasado domingo 27 de Septiembre desde el muro de la presa de Bele\u00f1a. A un lado, el embalse que est\u00e1 por debajo del 48 %; del otro una tuber\u00eda desembalsa agua a presi\u00f3n, que no corresponde al cauce ecol\u00f3gico. Este va por otra v\u00eda en forma &hellip; <\/p>\n<p class=\"link-more\"><a href=\"https:\/\/blog.sierranortedeguadalajara.com\/?p=16343\" class=\"more-link\">Seguir leyendo<span class=\"screen-reader-text\"> \u00abDesconcierto en la Sierra Norte\u00bb<\/span><\/a><\/p>\n","protected":false},"author":1,"featured_media":0,"comment_status":"open","ping_status":"open","sticky":false,"template":"","format":"standard","meta":{"footnotes":""},"categories":[12,17],"tags":[2,7,10,60],"class_list":["post-16343","post","type-post","status-publish","format-standard","hentry","category-actualidad","category-paisajes-y-lugares-de-la-sierra-norte","tag-actualidad","tag-naturaleza","tag-sierra-norte","tag-sorbe","entry"],"_links":{"self":[{"href":"https:\/\/blog.sierranortedeguadalajara.com\/index.php?rest_route=\/wp\/v2\/posts\/16343","targetHints":{"allow":["GET"]}}],"collection":[{"href":"https:\/\/blog.sierranortedeguadalajara.com\/index.php?rest_route=\/wp\/v2\/posts"}],"about":[{"href":"https:\/\/blog.sierranortedeguadalajara.com\/index.php?rest_route=\/wp\/v2\/types\/post"}],"author":[{"embeddable":true,"href":"https:\/\/blog.sierranortedeguadalajara.com\/index.php?rest_route=\/wp\/v2\/users\/1"}],"replies":[{"embeddable":true,"href":"https:\/\/blog.sierranortedeguadalajara.com\/index.php?rest_route=%2Fwp%2Fv2%2Fcomments&post=16343"}],"version-history":[{"count":1,"href":"https:\/\/blog.sierranortedeguadalajara.com\/index.php?rest_route=\/wp\/v2\/posts\/16343\/revisions"}],"predecessor-version":[{"id":27763,"href":"https:\/\/blog.sierranortedeguadalajara.com\/index.php?rest_route=\/wp\/v2\/posts\/16343\/revisions\/27763"}],"wp:attachment":[{"href":"https:\/\/blog.sierranortedeguadalajara.com\/index.php?rest_route=%2Fwp%2Fv2%2Fmedia&parent=16343"}],"wp:term":[{"taxonomy":"category","embeddable":true,"href":"https:\/\/blog.sierranortedeguadalajara.com\/index.php?rest_route=%2Fwp%2Fv2%2Fcategories&post=16343"},{"taxonomy":"post_tag","embeddable":true,"href":"https:\/\/blog.sierranortedeguadalajara.com\/index.php?rest_route=%2Fwp%2Fv2%2Ftags&post=16343"}],"curies":[{"name":"wp","href":"https:\/\/api.w.org\/{rel}","templated":true}]}}