{"id":16298,"date":"2015-09-23T00:05:25","date_gmt":"2015-09-22T22:05:25","guid":{"rendered":"http:\/\/blog.laveredadepuebla.com\/?p=16298"},"modified":"2023-02-10T12:17:22","modified_gmt":"2023-02-10T12:17:22","slug":"puebla-de-valles-y-sus-carcavas","status":"publish","type":"post","link":"https:\/\/blog.sierranortedeguadalajara.com\/?p=16298","title":{"rendered":"Puebla de Valles y sus c\u00e1rcavas"},"content":{"rendered":"<p>No es posible hablar de<a href=\"http:\/\/www.laveredadepuebla.com\/rutasypueblos\/pueblava.pdf\"> <em><strong>esta puebla<\/strong><\/em> <\/a>de la <a href=\"http:\/\/blog.laveredadepuebla.com\/2011\/04\/01\/parque-natural-sierra-norte-de-guadalajara\/\"><em><strong>Sierra Norte de Guadalajara<\/strong><\/em><\/a> sin mencionar las <a href=\"http:\/\/blog.laveredadepuebla.com\/2009\/08\/07\/carcavas-de-colores\/\"><strong><em>bellas c\u00e1rcavas rojizas<\/em> <\/strong><\/a>que dominan su t\u00e9rmino municipal <em>(hay censadas m\u00e1s de 60, cada una diferente)<\/em>.<a href=\"https:\/\/laveredadepuebla.files.wordpress.com\/2015\/09\/150923-puebla-2.jpg\"><img loading=\"lazy\" decoding=\"async\" class=\"alignright wp-image-16300\" src=\"https:\/\/blog.sierranortedeguadalajara.com\/wp-content\/uploads\/2023\/02\/150923-puebla-2.jpg\" alt=\"150923 puebla 2\" width=\"240\" height=\"180\" \/><\/a><a href=\"https:\/\/laveredadepuebla.files.wordpress.com\/2015\/09\/150923-puebla-1.jpg\"><img loading=\"lazy\" decoding=\"async\" class=\"alignleft wp-image-16299\" src=\"https:\/\/blog.sierranortedeguadalajara.com\/wp-content\/uploads\/2023\/02\/150923-puebla-1.jpg\" alt=\"150923 puebla 1\" width=\"240\" height=\"180\" \/><\/a><\/p>\n<p><span style=\"color:#800000;\"><strong><em>\u00bfQu\u00e9 es una c\u00e1rcava?<\/em><\/strong><\/span> Esta es la definicion que nos gusta: <span style=\"color:#800000;\"><strong>el nacimiento de un barranco arcilloso que desemboca en otro barranco arcilloso \u00f3 en el r\u00edo<\/strong><\/span> <em>(<a href=\"http:\/\/blog.laveredadepuebla.com\/2009\/08\/27\/rio-jarama\/\"><strong>Jarama<\/strong> <\/a>en este caso)<\/em>.<\/p>\n<p><span style=\"color:#800000;\"><em><strong><a href=\"https:\/\/laveredadepuebla.files.wordpress.com\/2015\/09\/150923-puebla-3.jpg\"><img loading=\"lazy\" decoding=\"async\" class=\"alignleft size-medium wp-image-16303\" src=\"https:\/\/blog.sierranortedeguadalajara.com\/wp-content\/uploads\/2023\/02\/150923-puebla-3.jpg\" alt=\"150923 puebla 3\" width=\"300\" height=\"225\" \/><\/a>\u00bfPor qu\u00e9 son rojizas?<\/strong> <\/em><\/span>Por el contenido de \u00f3xido de hierro de la arcilla <em>(en <a href=\"http:\/\/www.laveredadepuebla.com\/rutasypueblos\/alpedrete.pdf\"><strong>Alpedrete<\/strong> <\/a>y <a href=\"http:\/\/www.laveredadepuebla.com\/rutasypueblos\/Valdepenas.pdf\"><strong>Valdepe\u00f1as de la Sierra<\/strong><\/a> son ocres por el \u00f3xido de aluminio). <\/em><\/p>\n<p><span style=\"color:#800000;\"><strong><em>\u00bfS\u00f3lo hay c\u00e1rcavas rojizas en Puebla de Valles?<\/em> <\/strong><\/span>No, tambi\u00e9n abundan en<a href=\"http:\/\/www.laveredadepuebla.com\/rutasypueblos\/Retiendas.pdf\"><em><strong> Retiendas<\/strong><\/em><\/a>, <a href=\"http:\/\/www.laveredadepuebla.com\/rutasypueblos\/lamierla.pdf\"><em><strong>La Mierla<\/strong> <\/em><\/a>y <a href=\"http:\/\/www.laveredadepuebla.com\/rutasypueblos\/tamajon.pdf\"><em><strong>Tamaj\u00f3n<\/strong><\/em><\/a>. Se ven algunas en <a href=\"http:\/\/blog.laveredadepuebla.com\/2013\/03\/04\/arbancon-y-su-botarga-de-la-candelaria\/\"><em><strong>Arbanc\u00f3n<\/strong><\/em><\/a>, Monasterio, <a href=\"http:\/\/blog.laveredadepuebla.com\/2012\/08\/10\/cogolludo-historia-cultura-buen-comer-y-mejor-beber\/\"><em><strong>Cogolludo<\/strong><\/em><\/a>,\u2026 pero menos espectaculares y de colores difusos.<a href=\"https:\/\/laveredadepuebla.files.wordpress.com\/2015\/09\/150923-puebla-4.jpg\"><img loading=\"lazy\" decoding=\"async\" class=\"alignright size-medium wp-image-16304\" src=\"https:\/\/blog.sierranortedeguadalajara.com\/wp-content\/uploads\/2023\/02\/150923-puebla-4.jpg\" alt=\"150923 puebla 4\" width=\"300\" height=\"225\" \/><\/a><\/p>\n<p><span style=\"color:#800000;\"><em><strong>\u00bfSon tan bellas?<\/strong> <\/em><\/span>Juzga tu mismo, esto es un primer avance. En pr\u00f3ximas entradas mostraremos varias c\u00e1rcavas desde diferentes perspectivas.<\/p>\n<p><span style=\"color:#800000;\"><em><strong>\u00bfY c\u00f3mo se han formado?<\/strong><\/em><\/span> Por la erosi\u00f3n, lo contaremos m\u00e1s adelante.<\/p>\n<p><em><strong>Lar-ami<\/strong><\/em><\/p>\n","protected":false},"excerpt":{"rendered":"<p>No es posible hablar de esta puebla de la Sierra Norte de Guadalajara sin mencionar las bellas c\u00e1rcavas rojizas que dominan su t\u00e9rmino municipal (hay censadas m\u00e1s de 60, cada una diferente). \u00bfQu\u00e9 es una c\u00e1rcava? Esta es la definicion que nos gusta: el nacimiento de un barranco arcilloso que desemboca en otro barranco arcilloso &hellip; <\/p>\n<p class=\"link-more\"><a href=\"https:\/\/blog.sierranortedeguadalajara.com\/?p=16298\" class=\"more-link\">Seguir leyendo<span class=\"screen-reader-text\"> \u00abPuebla de Valles y sus c\u00e1rcavas\u00bb<\/span><\/a><\/p>\n","protected":false},"author":1,"featured_media":0,"comment_status":"open","ping_status":"open","sticky":false,"template":"","format":"standard","meta":{"footnotes":""},"categories":[12,6,17],"tags":[2,72,35,33,8,34,10,21,32],"class_list":["post-16298","post","type-post","status-publish","format-standard","hentry","category-actualidad","category-mundo-rural","category-paisajes-y-lugares-de-la-sierra-norte","tag-actualidad","tag-alpedrete-de-la-sierra","tag-jarama","tag-la-mierla","tag-puebla-de-valles","tag-retiendas","tag-sierra-norte","tag-tamajon","tag-valdepenas-de-la-sierra","entry"],"_links":{"self":[{"href":"https:\/\/blog.sierranortedeguadalajara.com\/index.php?rest_route=\/wp\/v2\/posts\/16298","targetHints":{"allow":["GET"]}}],"collection":[{"href":"https:\/\/blog.sierranortedeguadalajara.com\/index.php?rest_route=\/wp\/v2\/posts"}],"about":[{"href":"https:\/\/blog.sierranortedeguadalajara.com\/index.php?rest_route=\/wp\/v2\/types\/post"}],"author":[{"embeddable":true,"href":"https:\/\/blog.sierranortedeguadalajara.com\/index.php?rest_route=\/wp\/v2\/users\/1"}],"replies":[{"embeddable":true,"href":"https:\/\/blog.sierranortedeguadalajara.com\/index.php?rest_route=%2Fwp%2Fv2%2Fcomments&post=16298"}],"version-history":[{"count":1,"href":"https:\/\/blog.sierranortedeguadalajara.com\/index.php?rest_route=\/wp\/v2\/posts\/16298\/revisions"}],"predecessor-version":[{"id":27784,"href":"https:\/\/blog.sierranortedeguadalajara.com\/index.php?rest_route=\/wp\/v2\/posts\/16298\/revisions\/27784"}],"wp:attachment":[{"href":"https:\/\/blog.sierranortedeguadalajara.com\/index.php?rest_route=%2Fwp%2Fv2%2Fmedia&parent=16298"}],"wp:term":[{"taxonomy":"category","embeddable":true,"href":"https:\/\/blog.sierranortedeguadalajara.com\/index.php?rest_route=%2Fwp%2Fv2%2Fcategories&post=16298"},{"taxonomy":"post_tag","embeddable":true,"href":"https:\/\/blog.sierranortedeguadalajara.com\/index.php?rest_route=%2Fwp%2Fv2%2Ftags&post=16298"}],"curies":[{"name":"wp","href":"https:\/\/api.w.org\/{rel}","templated":true}]}}