{"id":16116,"date":"2015-08-21T00:05:04","date_gmt":"2015-08-20T22:05:04","guid":{"rendered":"http:\/\/blog.laveredadepuebla.com\/?p=16116"},"modified":"2023-02-10T12:17:41","modified_gmt":"2023-02-10T12:17:41","slug":"la-iglesia-de-la-vereda","status":"publish","type":"post","link":"https:\/\/blog.sierranortedeguadalajara.com\/?p=16116","title":{"rendered":"La iglesia de La Vereda"},"content":{"rendered":"<p><a href=\"https:\/\/laveredadepuebla.files.wordpress.com\/2015\/08\/150821-iglesia-1.jpg\"><img loading=\"lazy\" decoding=\"async\" class=\"alignright size-medium wp-image-16117\" src=\"https:\/\/blog.sierranortedeguadalajara.com\/wp-content\/uploads\/2023\/02\/150821-iglesia-1.jpg\" alt=\"150821 iglesia 1\" width=\"300\" height=\"225\" \/><\/a>Dedicada a la Inmaculada Concepci\u00f3n <em>(su imagen lleg\u00f3 en 1.622)<\/em>, en su origen y al menos hasta 1.611, lo estuvo a San Bartolom\u00e9, quiz\u00e1s por los repobladores de <a href=\"http:\/\/blog.laveredadepuebla.com\/2015\/08\/04\/la-vereda\/\"><strong><em>La Vereda<\/em> <\/strong><\/a>que proven\u00edan de Sep\u00falveda. El aumento de las devociones en el siglo XVII, sugiere que el cambio se realiz\u00f3 en el \u00faltimo tercio.<\/p>\n<p><a href=\"https:\/\/laveredadepuebla.files.wordpress.com\/2015\/08\/150821-iglesia-2.jpg\"><img loading=\"lazy\" decoding=\"async\" class=\"alignleft size-medium wp-image-16118\" src=\"https:\/\/blog.sierranortedeguadalajara.com\/wp-content\/uploads\/2023\/02\/150821-iglesia-2.jpg\" alt=\"150821 iglesia 2\" width=\"300\" height=\"225\" \/><\/a>Es de estilo rom\u00e1nico rural, tard\u00edo, de una sola planta y espada\u00f1a altiva. El p\u00f3rtico de pizarra, con vigas y columnas de madera que sostienen el tejadillo de lajas, protege la portada con arco de medio punto y <em>ahora revocada en blanco<\/em>. En 1.759 se obtiene licencia para ampliarla y construir la b\u00f3veda.<\/p>\n<p>La primera constancia documental de esta iglesia <em>(citada como ermita dependiente <a href=\"http:\/\/blog.laveredadepuebla.com\/2009\/12\/04\/el-vado-pueblo-abandonado\/\"><strong>del Vado<\/strong><\/a>)<\/em> data de 1.561 en una anotaci\u00f3n en el libro de cuentas de la parroquia de <a href=\"http:\/\/blog.laveredadepuebla.com\/2009\/11\/10\/iglesia-de-santa-maria-del-vado\/\"><em><strong>Santa Mar\u00eda del Vado<\/strong><\/em><\/a>, aunque hay noticias referidas al pueblo de finales del siglo XV.<\/p>\n<p><a href=\"https:\/\/laveredadepuebla.files.wordpress.com\/2015\/08\/150821-iglesia-3.jpg\"><img loading=\"lazy\" decoding=\"async\" class=\"alignright size-medium wp-image-16119\" src=\"https:\/\/blog.sierranortedeguadalajara.com\/wp-content\/uploads\/2023\/02\/150821-iglesia-3.jpg\" alt=\"150821 iglesia 3\" width=\"300\" height=\"225\" \/><\/a>La iglesia fue abandonada en 1.972 y los objetos lit\u00fargicos llevados a la iglesia de<a href=\"http:\/\/blog.laveredadepuebla.com\/2011\/11\/25\/esos-pueblos-negros\/\"><em><strong> Campillo de Ranas<\/strong><\/em><\/a>. Un cura de Tamaj\u00f3n <em>(muy diferente <a href=\"http:\/\/blog.laveredadepuebla.com\/2010\/07\/03\/matias-vinuesa-cura-de%C2%A0tamajon\/\"><strong>del famoso<\/strong><\/a>),<\/em> David Layna consigui\u00f3 donativos para reconstruirla<em> (estaba muy deteriorada)<\/em> y la reabri\u00f3 al culto en 2.007, aprovechando la fiesta de San Juan. Ahora puede visitarse <a href=\"http:\/\/lospueblosdeshabitados.blogspot.com.es\/2014\/03\/la-vereda-guadalajara.html\"><strong><em>el d\u00eda de San Pedro<\/em><\/strong><\/a>, cuando se celebran las fiestas.<\/p>\n<p>Nuestro agradecimiento por siempre al cura. Y a la <a href=\"http:\/\/hijosdelavereda.blogspot.com.es\/\"><strong><em>Asociaci\u00f3n Hijos de La Vereda<\/em> <\/strong><\/a>por mantener viva la tradici\u00f3n y documentar su historia.<\/p>\n<p><em><strong>Lar-ami<\/strong><\/em><\/p>\n","protected":false},"excerpt":{"rendered":"<p>Dedicada a la Inmaculada Concepci\u00f3n (su imagen lleg\u00f3 en 1.622), en su origen y al menos hasta 1.611, lo estuvo a San Bartolom\u00e9, quiz\u00e1s por los repobladores de La Vereda que proven\u00edan de Sep\u00falveda. El aumento de las devociones en el siglo XVII, sugiere que el cambio se realiz\u00f3 en el \u00faltimo tercio. Es de &hellip; <\/p>\n<p class=\"link-more\"><a href=\"https:\/\/blog.sierranortedeguadalajara.com\/?p=16116\" class=\"more-link\">Seguir leyendo<span class=\"screen-reader-text\"> \u00abLa iglesia de La Vereda\u00bb<\/span><\/a><\/p>\n","protected":false},"author":1,"featured_media":0,"comment_status":"open","ping_status":"open","sticky":false,"template":"","format":"standard","meta":{"footnotes":""},"categories":[12,17,15],"tags":[2,76,4,26,5,7,19],"class_list":["post-16116","post","type-post","status-publish","format-standard","hentry","category-actualidad","category-paisajes-y-lugares-de-la-sierra-norte","category-rincones-de-guadalajara","tag-actualidad","tag-arquitectura-negra","tag-cultura","tag-el-vado","tag-historia","tag-naturaleza","tag-siglo-xx","entry"],"_links":{"self":[{"href":"https:\/\/blog.sierranortedeguadalajara.com\/index.php?rest_route=\/wp\/v2\/posts\/16116","targetHints":{"allow":["GET"]}}],"collection":[{"href":"https:\/\/blog.sierranortedeguadalajara.com\/index.php?rest_route=\/wp\/v2\/posts"}],"about":[{"href":"https:\/\/blog.sierranortedeguadalajara.com\/index.php?rest_route=\/wp\/v2\/types\/post"}],"author":[{"embeddable":true,"href":"https:\/\/blog.sierranortedeguadalajara.com\/index.php?rest_route=\/wp\/v2\/users\/1"}],"replies":[{"embeddable":true,"href":"https:\/\/blog.sierranortedeguadalajara.com\/index.php?rest_route=%2Fwp%2Fv2%2Fcomments&post=16116"}],"version-history":[{"count":1,"href":"https:\/\/blog.sierranortedeguadalajara.com\/index.php?rest_route=\/wp\/v2\/posts\/16116\/revisions"}],"predecessor-version":[{"id":27864,"href":"https:\/\/blog.sierranortedeguadalajara.com\/index.php?rest_route=\/wp\/v2\/posts\/16116\/revisions\/27864"}],"wp:attachment":[{"href":"https:\/\/blog.sierranortedeguadalajara.com\/index.php?rest_route=%2Fwp%2Fv2%2Fmedia&parent=16116"}],"wp:term":[{"taxonomy":"category","embeddable":true,"href":"https:\/\/blog.sierranortedeguadalajara.com\/index.php?rest_route=%2Fwp%2Fv2%2Fcategories&post=16116"},{"taxonomy":"post_tag","embeddable":true,"href":"https:\/\/blog.sierranortedeguadalajara.com\/index.php?rest_route=%2Fwp%2Fv2%2Ftags&post=16116"}],"curies":[{"name":"wp","href":"https:\/\/api.w.org\/{rel}","templated":true}]}}