{"id":16103,"date":"2015-08-19T00:05:38","date_gmt":"2015-08-18T22:05:38","guid":{"rendered":"http:\/\/blog.laveredadepuebla.com\/?p=16103"},"modified":"2023-02-10T12:17:43","modified_gmt":"2023-02-10T12:17:43","slug":"desarrollo-sostenible-de-la-zona-del-alto-jarama","status":"publish","type":"post","link":"https:\/\/blog.sierranortedeguadalajara.com\/?p=16103","title":{"rendered":"Desarrollo sostenible de la zona del Alto Jarama"},"content":{"rendered":"<p><a href=\"http:\/\/blog.laveredadepuebla.com\/2015\/08\/03\/plan-de-ordenacion-del-alto-jarama\/\"><em><strong>El trabajo<\/strong><\/em><\/a> del ingeniero <a href=\"http:\/\/dialnet.unirioja.es\/servlet\/autor?codigo=1642470\"><em><strong>Jos\u00e9 Mar\u00eda Mel\u00e9ndez<\/strong><\/em><\/a>, tras los <a href=\"http:\/\/blog.laveredadepuebla.com\/2015\/08\/06\/plan-de-ordenacion-del-alto-jarama-ii\/\"><em><strong>an\u00e1lisis DAFO<\/strong><\/em><\/a> concluye con ocho propuestas, para las deber\u00e1n habilitarse los programas que concretar\u00e1n <span style=\"color:#ff0000;\"><strong><em>alcance, contenido, localizaci\u00f3n, tiempo, dotaci\u00f3n presupuestaria y responsables de su ejecuci\u00f3<\/em><\/strong><\/span>n:<\/p>\n<ul>\n<li><strong>Dotaci\u00f3n de servicios e infraestructuras<\/strong>: completar red de carreteras y pistas, reforzar atenci\u00f3n sanitaria <em>(servicio de urgencias)<\/em>, mejorar abastecimiento de agua potable, difusi\u00f3n de nuevas tecnolog\u00edas y poner los medios.<\/li>\n<li><strong>Impulso a las actividades tur\u00edsticas<\/strong>: programas de promoci\u00f3n, puesta en valor de recursos culturales, etnogr\u00e1ficos, paisajes y deportivos <em>(caza y pesca, senderismo, artesan\u00eda, etc.)<\/em>, regular y potenciar los aprovechamientos micol\u00f3gicos.<\/li>\n<li>Ayudas a<strong> iniciativas tur\u00edsticas que creen y aprovechen sinergias<a href=\"https:\/\/laveredadepuebla.files.wordpress.com\/2015\/08\/150819-propuesta-desarrollo.jpg\"><img loading=\"lazy\" decoding=\"async\" class=\"alignright wp-image-16105\" src=\"https:\/\/blog.sierranortedeguadalajara.com\/wp-content\/uploads\/2023\/02\/150819-propuesta-desarrollo.jpg\" alt=\"150819 propuesta Desarrollo\" width=\"211\" height=\"360\" \/><\/a><\/strong><\/li>\n<li>Intensificar <strong>la ganader\u00eda extensiva<\/strong>: creaci\u00f3n y potenciaci\u00f3n de nuevos pastizales, armonizar ganader\u00eda con el mantenimiento del ecosistema y como medida preventiva contra el fuego.<\/li>\n<li>Promocionar el <strong>aprovechamiento de recursos agroforestales<\/strong>: apicultura, resinaci\u00f3n, maderas y le\u00f1as, cultivos le\u00f1osos, viveros forestales y ornamentales con plantas de clima fr\u00edo,&#8230;<\/li>\n<li><strong>Proyectos industriales de bajo impacto ambiental<\/strong>: biomasa para combustible, que adem\u00e1s es efectivo medida en la lucha contra los incendios.<\/li>\n<li><strong>Conservaci\u00f3n del patrimonio cultural<\/strong>: consolidaci\u00f3n del monasterio de Bonaval, restauraci\u00f3n de La Matallana, recuperaci\u00f3n de tainas abandonadas y su conversi\u00f3n en refugios y\/o lugares de encuentro.<\/li>\n<li>Incremento de <strong>infraestructuras y medios para fomentar el arraigo<\/strong> de los habitantes permanentes y de los que se fueron y regresan ocasionalmente.<\/li>\n<\/ul>\n<p>Creo que todos suscribir\u00edamos estas ocho medidas para el desarrollo sostenible de la <em><strong><a href=\"http:\/\/blog.laveredadepuebla.com\/2011\/04\/01\/parque-natural-sierra-norte-de-guadalajara\/\">Sierra Norte.<\/a><\/strong><\/em> <strong><span style=\"text-decoration:underline;color:#ff0000;\">\u00bfTomar\u00e1n nota las Administraciones?<\/span><\/strong><\/p>\n<p><em><strong>Lar-ami<\/strong><\/em><\/p>\n","protected":false},"excerpt":{"rendered":"<p>El trabajo del ingeniero Jos\u00e9 Mar\u00eda Mel\u00e9ndez, tras los an\u00e1lisis DAFO concluye con ocho propuestas, para las deber\u00e1n habilitarse los programas que concretar\u00e1n alcance, contenido, localizaci\u00f3n, tiempo, dotaci\u00f3n presupuestaria y responsables de su ejecuci\u00f3n: Dotaci\u00f3n de servicios e infraestructuras: completar red de carreteras y pistas, reforzar atenci\u00f3n sanitaria (servicio de urgencias), mejorar abastecimiento de agua &hellip; <\/p>\n<p class=\"link-more\"><a href=\"https:\/\/blog.sierranortedeguadalajara.com\/?p=16103\" class=\"more-link\">Seguir leyendo<span class=\"screen-reader-text\"> \u00abDesarrollo sostenible de la zona del Alto Jarama\u00bb<\/span><\/a><\/p>\n","protected":false},"author":1,"featured_media":0,"comment_status":"open","ping_status":"open","sticky":false,"template":"","format":"standard","meta":{"footnotes":""},"categories":[12,6],"tags":[2,4,35,7,10],"class_list":["post-16103","post","type-post","status-publish","format-standard","hentry","category-actualidad","category-mundo-rural","tag-actualidad","tag-cultura","tag-jarama","tag-naturaleza","tag-sierra-norte","entry"],"_links":{"self":[{"href":"https:\/\/blog.sierranortedeguadalajara.com\/index.php?rest_route=\/wp\/v2\/posts\/16103","targetHints":{"allow":["GET"]}}],"collection":[{"href":"https:\/\/blog.sierranortedeguadalajara.com\/index.php?rest_route=\/wp\/v2\/posts"}],"about":[{"href":"https:\/\/blog.sierranortedeguadalajara.com\/index.php?rest_route=\/wp\/v2\/types\/post"}],"author":[{"embeddable":true,"href":"https:\/\/blog.sierranortedeguadalajara.com\/index.php?rest_route=\/wp\/v2\/users\/1"}],"replies":[{"embeddable":true,"href":"https:\/\/blog.sierranortedeguadalajara.com\/index.php?rest_route=%2Fwp%2Fv2%2Fcomments&post=16103"}],"version-history":[{"count":1,"href":"https:\/\/blog.sierranortedeguadalajara.com\/index.php?rest_route=\/wp\/v2\/posts\/16103\/revisions"}],"predecessor-version":[{"id":27869,"href":"https:\/\/blog.sierranortedeguadalajara.com\/index.php?rest_route=\/wp\/v2\/posts\/16103\/revisions\/27869"}],"wp:attachment":[{"href":"https:\/\/blog.sierranortedeguadalajara.com\/index.php?rest_route=%2Fwp%2Fv2%2Fmedia&parent=16103"}],"wp:term":[{"taxonomy":"category","embeddable":true,"href":"https:\/\/blog.sierranortedeguadalajara.com\/index.php?rest_route=%2Fwp%2Fv2%2Fcategories&post=16103"},{"taxonomy":"post_tag","embeddable":true,"href":"https:\/\/blog.sierranortedeguadalajara.com\/index.php?rest_route=%2Fwp%2Fv2%2Ftags&post=16103"}],"curies":[{"name":"wp","href":"https:\/\/api.w.org\/{rel}","templated":true}]}}