{"id":16095,"date":"2015-08-18T00:05:07","date_gmt":"2015-08-17T22:05:07","guid":{"rendered":"http:\/\/blog.laveredadepuebla.com\/?p=16095"},"modified":"2023-02-10T12:17:43","modified_gmt":"2023-02-10T12:17:43","slug":"casas-y-casillos-de-la-vereda","status":"publish","type":"post","link":"https:\/\/blog.sierranortedeguadalajara.com\/?p=16095","title":{"rendered":"Casas y casillos de La Vereda"},"content":{"rendered":"<figure id=\"attachment_16096\" aria-describedby=\"caption-attachment-16096\" style=\"width: 210px\" class=\"wp-caption alignright\"><a href=\"https:\/\/laveredadepuebla.files.wordpress.com\/2015\/08\/150818-casa-2.jpg\"><img loading=\"lazy\" decoding=\"async\" class=\"wp-image-16096\" src=\"https:\/\/blog.sierranortedeguadalajara.com\/wp-content\/uploads\/2023\/02\/150818-casa-2.jpg\" alt=\"\" width=\"210\" height=\"158\" \/><\/a><figcaption id=\"caption-attachment-16096\" class=\"wp-caption-text\">casa t\u00edpica<\/figcaption><\/figure>\n<p>Las casas segu\u00edan una estructura de muros y paredes de pizarra entremezcladas con calizas; los tejados de lajas negras entrelazadas sobre vigas de madera, formando ese caballete tan <a href=\"http:\/\/blog.laveredadepuebla.com\/2010\/06\/07\/arquitectura%C2%A0negra\/\"><strong><em>caracter\u00edstico de los pueblos negros,<\/em><\/strong><\/a> con la chimenea c\u00f3nica de dos cuerpos.<\/p>\n<figure id=\"attachment_16097\" aria-describedby=\"caption-attachment-16097\" style=\"width: 210px\" class=\"wp-caption alignleft\"><a href=\"https:\/\/laveredadepuebla.files.wordpress.com\/2015\/08\/150818-casa-3.jpg\"><img loading=\"lazy\" decoding=\"async\" class=\"wp-image-16097\" src=\"https:\/\/blog.sierranortedeguadalajara.com\/wp-content\/uploads\/2023\/02\/150818-casa-3.jpg\" alt=\"150818 casa 3\" width=\"210\" height=\"158\" \/><\/a><figcaption id=\"caption-attachment-16097\" class=\"wp-caption-text\">&#8230; en la calle de Oriente<\/figcaption><\/figure>\n<figure id=\"attachment_16098\" aria-describedby=\"caption-attachment-16098\" style=\"width: 210px\" class=\"wp-caption alignright\"><a href=\"https:\/\/laveredadepuebla.files.wordpress.com\/2015\/08\/150818-casa-4.jpg\"><img loading=\"lazy\" decoding=\"async\" class=\"wp-image-16098\" src=\"https:\/\/blog.sierranortedeguadalajara.com\/wp-content\/uploads\/2023\/02\/150818-casa-4.jpg\" alt=\"150818 casa 4\" width=\"210\" height=\"158\" \/><\/a><figcaption id=\"caption-attachment-16098\" class=\"wp-caption-text\">casa t\u00edpica<\/figcaption><\/figure>\n<p>Ten\u00edan una sola planta, con c\u00e1mara arriba para el grano. En los muros vanos peque\u00f1os para ventanas y a veces, adosado el horno familiar. En algunas casas, una peque\u00f1a cancela daba acceso al patio al que se abr\u00edan le\u00f1era y casa con portalillo para proteger la entrada. En otras la puerta, de dos cuerpos, daba a la calle.<\/p>\n<figure id=\"attachment_16099\" aria-describedby=\"caption-attachment-16099\" style=\"width: 210px\" class=\"wp-caption alignleft\"><a href=\"https:\/\/laveredadepuebla.files.wordpress.com\/2015\/08\/150818-casa-5.jpg\"><img loading=\"lazy\" decoding=\"async\" class=\"wp-image-16099\" src=\"https:\/\/blog.sierranortedeguadalajara.com\/wp-content\/uploads\/2023\/02\/150818-casa-5.jpg\" alt=\"150818 casa 5\" width=\"210\" height=\"158\" \/><\/a><figcaption id=\"caption-attachment-16099\" class=\"wp-caption-text\">casillos<\/figcaption><\/figure>\n<p>Los casillos, peque\u00f1os edificios de pizarra en el barrio de abajo, con una \u00f3 ninguna ventana, de escasa altura en muros y puertas, serv\u00edan de corral y de pajares; algunos han sido recuperados. En la misma zona, cortes para los cerdos <em>(los verracos de <a href=\"http:\/\/blog.laveredadepuebla.com\/2015\/08\/04\/la-vereda\/\"><strong>La Vereda<\/strong><\/a> ten\u00edan justa fama en la <strong><a href=\"http:\/\/blog.laveredadepuebla.com\/2011\/04\/01\/parque-natural-sierra-norte-de-guadalajara\/\">Sierra Norte<\/a><\/strong>)<\/em> y corrales para el ganado.<\/p>\n<p>Algunas casas de <strong>La Vereda<\/strong> se distinguen por su elegancia <em>(la casa de la villa del a\u00f1o 1.927)<\/em> o por su objetivo de diferenciarse del resto, como la casa del secretario<em> (de los a\u00f1os 50, con los dinteles de puertas y ventanas blanqueados, )<\/em> y la del alba\u00f1il del pueblo, que rompi\u00f3 moldes al incluir balcones en la fachada.<\/p>\n<figure id=\"attachment_16100\" aria-describedby=\"caption-attachment-16100\" style=\"width: 210px\" class=\"wp-caption alignright\"><a href=\"https:\/\/laveredadepuebla.files.wordpress.com\/2015\/08\/150818-casa-6.jpg\"><img loading=\"lazy\" decoding=\"async\" class=\"wp-image-16100\" src=\"https:\/\/blog.sierranortedeguadalajara.com\/wp-content\/uploads\/2023\/02\/150818-casa-6.jpg\" alt=\"150818 casa 6\" width=\"210\" height=\"158\" \/><\/a><figcaption id=\"caption-attachment-16100\" class=\"wp-caption-text\">casa del secretario<\/figcaption><\/figure>\n<p>Pero una vez m\u00e1s, te sugiero que te pierdas en el casco urbano, y despu\u00e9s revivas esos momentos revisando lo que se ha <a href=\"http:\/\/hijosdelavereda.blogspot.com.es\/\"><strong><em>escrito por los hijos de la tierra<\/em><\/strong><\/a> sobre este <strong><a href=\"http:\/\/lospueblosdeshabitados.blogspot.com.es\/2014\/03\/la-vereda-guadalajara.html\"><em>pueblo deshabitado<\/em> <\/a><\/strong>y tan singular.<\/p>\n<p><strong><em>Lar-ami<\/em><\/strong><\/p>\n","protected":false},"excerpt":{"rendered":"<p>Las casas segu\u00edan una estructura de muros y paredes de pizarra entremezcladas con calizas; los tejados de lajas negras entrelazadas sobre vigas de madera, formando ese caballete tan caracter\u00edstico de los pueblos negros, con la chimenea c\u00f3nica de dos cuerpos. Ten\u00edan una sola planta, con c\u00e1mara arriba para el grano. En los muros vanos peque\u00f1os &hellip; <\/p>\n<p class=\"link-more\"><a href=\"https:\/\/blog.sierranortedeguadalajara.com\/?p=16095\" class=\"more-link\">Seguir leyendo<span class=\"screen-reader-text\"> \u00abCasas y casillos de La Vereda\u00bb<\/span><\/a><\/p>\n","protected":false},"author":1,"featured_media":0,"comment_status":"open","ping_status":"open","sticky":false,"template":"","format":"standard","meta":{"footnotes":""},"categories":[12,17],"tags":[2,76,4,26,5,7,19],"class_list":["post-16095","post","type-post","status-publish","format-standard","hentry","category-actualidad","category-paisajes-y-lugares-de-la-sierra-norte","tag-actualidad","tag-arquitectura-negra","tag-cultura","tag-el-vado","tag-historia","tag-naturaleza","tag-siglo-xx","entry"],"_links":{"self":[{"href":"https:\/\/blog.sierranortedeguadalajara.com\/index.php?rest_route=\/wp\/v2\/posts\/16095","targetHints":{"allow":["GET"]}}],"collection":[{"href":"https:\/\/blog.sierranortedeguadalajara.com\/index.php?rest_route=\/wp\/v2\/posts"}],"about":[{"href":"https:\/\/blog.sierranortedeguadalajara.com\/index.php?rest_route=\/wp\/v2\/types\/post"}],"author":[{"embeddable":true,"href":"https:\/\/blog.sierranortedeguadalajara.com\/index.php?rest_route=\/wp\/v2\/users\/1"}],"replies":[{"embeddable":true,"href":"https:\/\/blog.sierranortedeguadalajara.com\/index.php?rest_route=%2Fwp%2Fv2%2Fcomments&post=16095"}],"version-history":[{"count":1,"href":"https:\/\/blog.sierranortedeguadalajara.com\/index.php?rest_route=\/wp\/v2\/posts\/16095\/revisions"}],"predecessor-version":[{"id":27875,"href":"https:\/\/blog.sierranortedeguadalajara.com\/index.php?rest_route=\/wp\/v2\/posts\/16095\/revisions\/27875"}],"wp:attachment":[{"href":"https:\/\/blog.sierranortedeguadalajara.com\/index.php?rest_route=%2Fwp%2Fv2%2Fmedia&parent=16095"}],"wp:term":[{"taxonomy":"category","embeddable":true,"href":"https:\/\/blog.sierranortedeguadalajara.com\/index.php?rest_route=%2Fwp%2Fv2%2Fcategories&post=16095"},{"taxonomy":"post_tag","embeddable":true,"href":"https:\/\/blog.sierranortedeguadalajara.com\/index.php?rest_route=%2Fwp%2Fv2%2Ftags&post=16095"}],"curies":[{"name":"wp","href":"https:\/\/api.w.org\/{rel}","templated":true}]}}