{"id":16081,"date":"2015-08-17T00:05:58","date_gmt":"2015-08-16T22:05:58","guid":{"rendered":"http:\/\/blog.laveredadepuebla.com\/?p=16081"},"modified":"2023-02-10T12:17:45","modified_gmt":"2023-02-10T12:17:45","slug":"del-plan-de-competitividad-de-la-arquitectura-negra","status":"publish","type":"post","link":"https:\/\/blog.sierranortedeguadalajara.com\/?p=16081","title":{"rendered":"Del Plan de Competitividad de la Arquitectura Negra\u2026"},"content":{"rendered":"<p>\u2026 se han o\u00eddo muchas cosas, aunque no se han dicho todas. Posiblemente falten las m\u00e1s importantes.<a href=\"https:\/\/laveredadepuebla.files.wordpress.com\/2015\/08\/150814-del-plan-1.jpg\"><img loading=\"lazy\" decoding=\"async\" class=\"alignright wp-image-16082\" src=\"https:\/\/blog.sierranortedeguadalajara.com\/wp-content\/uploads\/2023\/02\/150814-del-plan-1.jpg\" alt=\"150814 del plan 1\" width=\"240\" height=\"180\" \/><\/a><\/p>\n<p>Se han invertido 6 millones de euros en <strong>CUATRO<\/strong> centros de Interpretaci\u00f3n (<strong><em><a href=\"http:\/\/www.pueblosarquitecturanegra.es\/tamajon\/\">Tamaj\u00f3n<\/a>, <a href=\"http:\/\/www.pueblosarquitecturanegra.es\/valverde-de-los-arroyos\/\">Valverde de los Arroyos<\/a>, <a href=\"http:\/\/www.pueblosarquitecturanegra.es\/el-cardoso-de-la-sierra\/\">El Cardoso de la Sierra <\/a>y <a href=\"http:\/\/www.pueblosarquitecturanegra.es\/majaelrayo\/\">Majaelrayo<\/a>)<\/em> <\/strong>que llevan <strong>CERRADOS<\/strong> m\u00e1s de 2 a\u00f1os, en recuperar y documentar<strong> senderos que se est\u00e1n perdiendo otra vez,<\/strong> en sembrar de carteles anunciadores los pueblos con un criterio cuestionable,\u2026<\/p>\n<p><a href=\"https:\/\/laveredadepuebla.files.wordpress.com\/2015\/08\/150814-del-plan-2.jpg\"><img loading=\"lazy\" decoding=\"async\" class=\"alignleft wp-image-16083\" src=\"https:\/\/blog.sierranortedeguadalajara.com\/wp-content\/uploads\/2023\/02\/150814-del-plan-2.jpg\" alt=\"150814 del plan 2\" width=\"180\" height=\"240\" \/><\/a>Al final, el Plan se cerr\u00f3 en falso en 2.012 por falta de fondos por la crisis y a propuesta de <a href=\"http:\/\/www.dguadalajara.es\"><em><strong>la Diputaci\u00f3n<\/strong><\/em><\/a> <em>(al a\u00f1o siguiente cerr\u00f3 su presupuesto con un superavit de 6 millones de euros<\/em>). Obras a medio acabar<em> (aun siguen algunas)<\/em> y eliminaci\u00f3n de las partidas referentes a promoci\u00f3n. <a href=\"http:\/\/www.turismoenguadalajara.es\/\"><em><strong>La web<\/strong> <\/em><\/a>lleva tres a\u00f1os sin actualizaciones.<\/p>\n<p><a href=\"https:\/\/laveredadepuebla.files.wordpress.com\/2015\/08\/150814-del-plan-3.jpg\"><img loading=\"lazy\" decoding=\"async\" class=\"alignright wp-image-16084\" src=\"https:\/\/blog.sierranortedeguadalajara.com\/wp-content\/uploads\/2023\/02\/150814-del-plan-3.jpg\" alt=\"150814 del plan 3\" width=\"240\" height=\"180\" \/><\/a>Para muestra un bot\u00f3n: la explanada de la<a href=\"http:\/\/blog.laveredadepuebla.com\/2009\/12\/15\/iglesia-de-tamajon-ii\/\"><em><strong> iglesia de Tamaj\u00f3n<\/strong><\/em><\/a> est\u00e1 sembrada de carteles anunciadores <em>(\u00bfd\u00f3nde est\u00e1 el r\u00f3tulo de <a href=\"http:\/\/www.pueblosarquitecturanegra.es\/tamajon\/palancares\/\"><strong>Palancares?<\/strong><\/a>)<\/em> mientras permanece cerrada. Como el centro de interpretaci\u00f3n y la oficina de informaci\u00f3n tur\u00edstica <em>(incluso fines de semana)<\/em>. A su lado m\u00e1s carteles anunciando senderos y maravillas del pueblo.<\/p>\n<p><em><strong>Lar-ami<\/strong><\/em><\/p>\n","protected":false},"excerpt":{"rendered":"<p>\u2026 se han o\u00eddo muchas cosas, aunque no se han dicho todas. Posiblemente falten las m\u00e1s importantes. Se han invertido 6 millones de euros en CUATRO centros de Interpretaci\u00f3n (Tamaj\u00f3n, Valverde de los Arroyos, El Cardoso de la Sierra y Majaelrayo) que llevan CERRADOS m\u00e1s de 2 a\u00f1os, en recuperar y documentar senderos que se &hellip; <\/p>\n<p class=\"link-more\"><a href=\"https:\/\/blog.sierranortedeguadalajara.com\/?p=16081\" class=\"more-link\">Seguir leyendo<span class=\"screen-reader-text\"> \u00abDel Plan de Competitividad de la Arquitectura Negra\u2026\u00bb<\/span><\/a><\/p>\n","protected":false},"author":1,"featured_media":0,"comment_status":"open","ping_status":"open","sticky":false,"template":"","format":"standard","meta":{"footnotes":""},"categories":[12,15],"tags":[2,76,4,5,7,21],"class_list":["post-16081","post","type-post","status-publish","format-standard","hentry","category-actualidad","category-rincones-de-guadalajara","tag-actualidad","tag-arquitectura-negra","tag-cultura","tag-historia","tag-naturaleza","tag-tamajon","entry"],"_links":{"self":[{"href":"https:\/\/blog.sierranortedeguadalajara.com\/index.php?rest_route=\/wp\/v2\/posts\/16081","targetHints":{"allow":["GET"]}}],"collection":[{"href":"https:\/\/blog.sierranortedeguadalajara.com\/index.php?rest_route=\/wp\/v2\/posts"}],"about":[{"href":"https:\/\/blog.sierranortedeguadalajara.com\/index.php?rest_route=\/wp\/v2\/types\/post"}],"author":[{"embeddable":true,"href":"https:\/\/blog.sierranortedeguadalajara.com\/index.php?rest_route=\/wp\/v2\/users\/1"}],"replies":[{"embeddable":true,"href":"https:\/\/blog.sierranortedeguadalajara.com\/index.php?rest_route=%2Fwp%2Fv2%2Fcomments&post=16081"}],"version-history":[{"count":1,"href":"https:\/\/blog.sierranortedeguadalajara.com\/index.php?rest_route=\/wp\/v2\/posts\/16081\/revisions"}],"predecessor-version":[{"id":27879,"href":"https:\/\/blog.sierranortedeguadalajara.com\/index.php?rest_route=\/wp\/v2\/posts\/16081\/revisions\/27879"}],"wp:attachment":[{"href":"https:\/\/blog.sierranortedeguadalajara.com\/index.php?rest_route=%2Fwp%2Fv2%2Fmedia&parent=16081"}],"wp:term":[{"taxonomy":"category","embeddable":true,"href":"https:\/\/blog.sierranortedeguadalajara.com\/index.php?rest_route=%2Fwp%2Fv2%2Fcategories&post=16081"},{"taxonomy":"post_tag","embeddable":true,"href":"https:\/\/blog.sierranortedeguadalajara.com\/index.php?rest_route=%2Fwp%2Fv2%2Ftags&post=16081"}],"curies":[{"name":"wp","href":"https:\/\/api.w.org\/{rel}","templated":true}]}}