{"id":16077,"date":"2015-08-13T00:05:35","date_gmt":"2015-08-12T22:05:35","guid":{"rendered":"http:\/\/blog.laveredadepuebla.com\/?p=16077"},"modified":"2023-02-10T12:17:47","modified_gmt":"2023-02-10T12:17:47","slug":"plan-de-ordenacion-del-alto-jarama-iv","status":"publish","type":"post","link":"https:\/\/blog.sierranortedeguadalajara.com\/?p=16077","title":{"rendered":"Plan de ordenaci\u00f3n del Alto Jarama IV"},"content":{"rendered":"<p>El Medio humano tambi\u00e9n tiene su <strong><em><a href=\"http:\/\/www.guiadelacalidad.com\/modelo-efqm\/analisis-dafo\">an\u00e1lisis DAFO<\/a><\/em><\/strong> <em>(Debilidades, Amenazas, Fortalezas y Oportunidades)<\/em> en el trabajo del ingeniero <strong><em><a href=\"http:\/\/dialnet.unirioja.es\/servlet\/autor?codigo=1642470\">Jos\u00e9 Mar\u00eda Mel\u00e9ndez<\/a><\/em><\/strong>. <a href=\"https:\/\/laveredadepuebla.files.wordpress.com\/2015\/08\/150813-plan-aj-iii-dafo-iii.jpg\"><img loading=\"lazy\" decoding=\"async\" class=\"aligncenter wp-image-16079 size-large\" src=\"https:\/\/blog.sierranortedeguadalajara.com\/wp-content\/uploads\/2023\/02\/150813-plan-aj-iii-dafo-iii.jpg\" alt=\"150813 Plan AJ III DAFO III\" width=\"455\" height=\"1024\" \/><\/a><\/p>\n<p>Sumado a los <a href=\"http:\/\/blog.laveredadepuebla.com\/2015\/08\/06\/plan-de-ordenacion-del-alto-jarama-ii\/\"><em><strong>DAFO\u00b4s sobre Infraestructuras<\/strong> <\/em><\/a>y <a href=\"http:\/\/blog.laveredadepuebla.com\/2015\/08\/10\/plan-de-ordenacion-del-alto-jarama-iii\/\"><strong><em>Medio f\u00edsico<\/em> <\/strong><\/a>completa el an\u00e1lisis de la<em><strong><a href=\"http:\/\/blog.laveredadepuebla.com\/2015\/08\/03\/plan-de-ordenacion-del-alto-jarama\/\"> Zona del Alto Jarama.<\/a><\/strong><\/em><\/p>\n<p><em><strong>Lar-ami<\/strong><\/em><\/p>\n","protected":false},"excerpt":{"rendered":"<p>El Medio humano tambi\u00e9n tiene su an\u00e1lisis DAFO (Debilidades, Amenazas, Fortalezas y Oportunidades) en el trabajo del ingeniero Jos\u00e9 Mar\u00eda Mel\u00e9ndez. Sumado a los DAFO\u00b4s sobre Infraestructuras y Medio f\u00edsico completa el an\u00e1lisis de la Zona del Alto Jarama. Lar-ami<\/p>\n","protected":false},"author":1,"featured_media":0,"comment_status":"open","ping_status":"open","sticky":false,"template":"","format":"standard","meta":{"footnotes":""},"categories":[12,6],"tags":[2,76,4,7,34,10,27],"class_list":["post-16077","post","type-post","status-publish","format-standard","hentry","category-actualidad","category-mundo-rural","tag-actualidad","tag-arquitectura-negra","tag-cultura","tag-naturaleza","tag-retiendas","tag-sierra-norte","tag-valdesotos","entry"],"_links":{"self":[{"href":"https:\/\/blog.sierranortedeguadalajara.com\/index.php?rest_route=\/wp\/v2\/posts\/16077","targetHints":{"allow":["GET"]}}],"collection":[{"href":"https:\/\/blog.sierranortedeguadalajara.com\/index.php?rest_route=\/wp\/v2\/posts"}],"about":[{"href":"https:\/\/blog.sierranortedeguadalajara.com\/index.php?rest_route=\/wp\/v2\/types\/post"}],"author":[{"embeddable":true,"href":"https:\/\/blog.sierranortedeguadalajara.com\/index.php?rest_route=\/wp\/v2\/users\/1"}],"replies":[{"embeddable":true,"href":"https:\/\/blog.sierranortedeguadalajara.com\/index.php?rest_route=%2Fwp%2Fv2%2Fcomments&post=16077"}],"version-history":[{"count":1,"href":"https:\/\/blog.sierranortedeguadalajara.com\/index.php?rest_route=\/wp\/v2\/posts\/16077\/revisions"}],"predecessor-version":[{"id":27885,"href":"https:\/\/blog.sierranortedeguadalajara.com\/index.php?rest_route=\/wp\/v2\/posts\/16077\/revisions\/27885"}],"wp:attachment":[{"href":"https:\/\/blog.sierranortedeguadalajara.com\/index.php?rest_route=%2Fwp%2Fv2%2Fmedia&parent=16077"}],"wp:term":[{"taxonomy":"category","embeddable":true,"href":"https:\/\/blog.sierranortedeguadalajara.com\/index.php?rest_route=%2Fwp%2Fv2%2Fcategories&post=16077"},{"taxonomy":"post_tag","embeddable":true,"href":"https:\/\/blog.sierranortedeguadalajara.com\/index.php?rest_route=%2Fwp%2Fv2%2Ftags&post=16077"}],"curies":[{"name":"wp","href":"https:\/\/api.w.org\/{rel}","templated":true}]}}