{"id":16051,"date":"2015-08-10T00:05:26","date_gmt":"2015-08-09T22:05:26","guid":{"rendered":"http:\/\/blog.laveredadepuebla.com\/?p=16051"},"modified":"2023-02-10T12:17:49","modified_gmt":"2023-02-10T12:17:49","slug":"plan-de-ordenacion-del-alto-jarama-iii","status":"publish","type":"post","link":"https:\/\/blog.sierranortedeguadalajara.com\/?p=16051","title":{"rendered":"Plan de ordenaci\u00f3n del Alto Jarama III"},"content":{"rendered":"<p>El<em><a href=\"http:\/\/www.guiadelacalidad.com\/modelo-efqm\/analisis-dafo\"><strong> an\u00e1lisis DAFO<\/strong> <\/a>(Debilidades, Amenazas, Fortalezas y Oportunidades)<\/em> de<strong>l Medio f\u00edsico<\/strong> resume su situaci\u00f3n, tal y como lo explica el <a href=\"http:\/\/dialnet.unirioja.es\/servlet\/autor?codigo=1642470\"><em><strong>ingeniero Jos\u00e9 Mar\u00eda Mel\u00e9ndez<\/strong><\/em><\/a> en <a href=\"http:\/\/blog.laveredadepuebla.com\/2015\/08\/03\/plan-de-ordenacion-del-alto-jarama\/\"><em><strong>su trabajo<\/strong><\/em><\/a>.<a href=\"https:\/\/laveredadepuebla.files.wordpress.com\/2015\/07\/150810-plan-aj-iii-dafo-ii.jpg\"><img loading=\"lazy\" decoding=\"async\" class=\"aligncenter size-large wp-image-16052\" src=\"https:\/\/blog.sierranortedeguadalajara.com\/wp-content\/uploads\/2023\/02\/150810-plan-aj-iii-dafo-ii.jpg\" alt=\"150810 Plan AJ III DAFO II\" width=\"500\" height=\"756\" \/><\/a><em><strong>Lar-ami<\/strong><\/em><\/p>\n","protected":false},"excerpt":{"rendered":"<p>El an\u00e1lisis DAFO (Debilidades, Amenazas, Fortalezas y Oportunidades) del Medio f\u00edsico resume su situaci\u00f3n, tal y como lo explica el ingeniero Jos\u00e9 Mar\u00eda Mel\u00e9ndez en su trabajo.Lar-ami<\/p>\n","protected":false},"author":1,"featured_media":0,"comment_status":"open","ping_status":"open","sticky":false,"template":"","format":"standard","meta":{"footnotes":""},"categories":[12,6],"tags":[2,7,10],"class_list":["post-16051","post","type-post","status-publish","format-standard","hentry","category-actualidad","category-mundo-rural","tag-actualidad","tag-naturaleza","tag-sierra-norte","entry"],"_links":{"self":[{"href":"https:\/\/blog.sierranortedeguadalajara.com\/index.php?rest_route=\/wp\/v2\/posts\/16051","targetHints":{"allow":["GET"]}}],"collection":[{"href":"https:\/\/blog.sierranortedeguadalajara.com\/index.php?rest_route=\/wp\/v2\/posts"}],"about":[{"href":"https:\/\/blog.sierranortedeguadalajara.com\/index.php?rest_route=\/wp\/v2\/types\/post"}],"author":[{"embeddable":true,"href":"https:\/\/blog.sierranortedeguadalajara.com\/index.php?rest_route=\/wp\/v2\/users\/1"}],"replies":[{"embeddable":true,"href":"https:\/\/blog.sierranortedeguadalajara.com\/index.php?rest_route=%2Fwp%2Fv2%2Fcomments&post=16051"}],"version-history":[{"count":1,"href":"https:\/\/blog.sierranortedeguadalajara.com\/index.php?rest_route=\/wp\/v2\/posts\/16051\/revisions"}],"predecessor-version":[{"id":27894,"href":"https:\/\/blog.sierranortedeguadalajara.com\/index.php?rest_route=\/wp\/v2\/posts\/16051\/revisions\/27894"}],"wp:attachment":[{"href":"https:\/\/blog.sierranortedeguadalajara.com\/index.php?rest_route=%2Fwp%2Fv2%2Fmedia&parent=16051"}],"wp:term":[{"taxonomy":"category","embeddable":true,"href":"https:\/\/blog.sierranortedeguadalajara.com\/index.php?rest_route=%2Fwp%2Fv2%2Fcategories&post=16051"},{"taxonomy":"post_tag","embeddable":true,"href":"https:\/\/blog.sierranortedeguadalajara.com\/index.php?rest_route=%2Fwp%2Fv2%2Ftags&post=16051"}],"curies":[{"name":"wp","href":"https:\/\/api.w.org\/{rel}","templated":true}]}}