{"id":16044,"date":"2015-08-07T00:05:26","date_gmt":"2015-08-06T22:05:26","guid":{"rendered":"http:\/\/blog.laveredadepuebla.com\/?p=16044"},"modified":"2023-02-10T12:17:49","modified_gmt":"2023-02-10T12:17:49","slug":"el-molino-de-la-vereda","status":"publish","type":"post","link":"https:\/\/blog.sierranortedeguadalajara.com\/?p=16044","title":{"rendered":"El molino de La Vereda"},"content":{"rendered":"<p><a href=\"https:\/\/laveredadepuebla.files.wordpress.com\/2015\/07\/150807-molino-1.jpg\"><img loading=\"lazy\" decoding=\"async\" class=\"alignright wp-image-16046\" src=\"https:\/\/blog.sierranortedeguadalajara.com\/wp-content\/uploads\/2023\/02\/150807-molino-1.jpg\" alt=\"150807 molino 1\" width=\"240\" height=\"180\" \/><\/a>Aunque el aspecto que presenta <em>(tras la reconstrucci\u00f3n en pizarra, ejecutada con delicadeza)<\/em> sugiere que se trata de un viejo molino, la realidad es que su origen data de mediados del siglo XX.<\/p>\n<p><a href=\"http:\/\/hijosdelavereda.blogspot.com.es\/\"><img loading=\"lazy\" decoding=\"async\" class=\"alignleft wp-image-16047\" src=\"https:\/\/blog.sierranortedeguadalajara.com\/wp-content\/uploads\/2023\/02\/150807-molino-2.jpg\" alt=\"150807 molino 2\" width=\"240\" height=\"161\" \/><\/a>Hasta entonces los <a href=\"http:\/\/hijosdelavereda.blogspot.com.es\/\"><strong><em>vecinos de La Vereda<\/em> <\/strong><\/a>mol\u00edan su grano en dos molinos situados a orillas del Jarama. Uno ubicado aguas abajo de <a href=\"http:\/\/blog.laveredadepuebla.com\/2014\/08\/14\/la-matallana\/\"><em><strong>La Matallana,<\/strong><\/em><\/a> el otro en el pueblo de <a href=\"http:\/\/blog.laveredadepuebla.com\/2009\/12\/04\/el-vado-pueblo-abandonado\/\"><strong><em>El Vado<\/em><\/strong><\/a>. De ambos hac\u00edan poco uso, ya que al ser el t\u00e9rmino agreste y la tierra muy pobre solo cosechaban trigo, centeno y legumbres<\/p>\n<p><a href=\"https:\/\/laveredadepuebla.files.wordpress.com\/2015\/07\/150807-molino-3.jpg\"><img loading=\"lazy\" decoding=\"async\" class=\"alignleft wp-image-16048\" src=\"https:\/\/blog.sierranortedeguadalajara.com\/wp-content\/uploads\/2023\/02\/150807-molino-3.jpg\" alt=\"150807 molino 3\" width=\"180\" height=\"240\" \/><\/a>El molino de La Vereda se ubic\u00f3 a orillas del <a href=\"http:\/\/blog.laveredadepuebla.com\/2015\/07\/27\/el-arroyo-vallosera\/\"><em><strong>arroyo Vallosera<\/strong><\/em><\/a>, para lo que se construy\u00f3 un azud de donde sal\u00eda el caz que llevaba el agua a la balsa tras recorrer m\u00e1s de 100 metros. Supl\u00eda a los dos <a href=\"http:\/\/blog.laveredadepuebla.com\/2011\/02\/17\/historia-del-molino-maquilero\/\"><em><strong>molinos del Jarama<\/strong> <\/em><\/a>que quedaron sepultados por las aguas del <em><strong><a href=\"http:\/\/blog.laveredadepuebla.com\/2009\/08\/22\/la-presa-del-vado\/\">pantano de El Vado.<\/a><\/strong><\/em><\/p>\n<p>Unos dicen que se edific\u00f3 en 1.954 y el panel informativo que lo fue en 1.946. Aunque la presa se inaugur\u00f3 en 1.954, el proyecto es muy anterior por lo que ambas fechas son posibles. Tuvo una vida corta, ya que en los a\u00f1os sesenta la despoblaci\u00f3n lo hizo innecesario. Las dos \u00faltimas familias abandonaron el pueblo en 1.971.<a href=\"https:\/\/laveredadepuebla.files.wordpress.com\/2015\/07\/150807-molino-4.jpg\"><img loading=\"lazy\" decoding=\"async\" class=\"alignright wp-image-16049\" src=\"https:\/\/blog.sierranortedeguadalajara.com\/wp-content\/uploads\/2023\/02\/150807-molino-4.jpg\" alt=\"150807 molino 4\" width=\"240\" height=\"180\" \/><\/a><\/p>\n<p>El <a href=\"http:\/\/www.europapress.es\/castilla-lamancha\/noticia-agricultura-fundacion-caixa-restauran-zona-molino-vereda-parque-sierra-norte-guadalajara-20140713140452.html\"><strong><em>proyecto de rehabilitaci\u00f3n<\/em> <\/strong><\/a>gestionado por la <a href=\"http:\/\/blog.laveredadepuebla.com\/2011\/04\/01\/parque-natural-sierra-norte-de-guadalajara\/\"><em><strong>Direcci\u00f3n del Parque Natural,<\/strong><\/em><\/a> con el patrocinio de La Caixa ha recuperado en 2.014 este precioso rinc\u00f3n. Un merendero, la visita al azud, el panel informativo y la vista del molino con su caz lo hacen parada imprescindible para quienes se acercan a visitar el pueblo.<\/p>\n<p><strong><em>Lar-ami<\/em><\/strong><\/p>\n","protected":false},"excerpt":{"rendered":"<p>Aunque el aspecto que presenta (tras la reconstrucci\u00f3n en pizarra, ejecutada con delicadeza) sugiere que se trata de un viejo molino, la realidad es que su origen data de mediados del siglo XX. Hasta entonces los vecinos de La Vereda mol\u00edan su grano en dos molinos situados a orillas del Jarama. Uno ubicado aguas abajo &hellip; <\/p>\n<p class=\"link-more\"><a href=\"https:\/\/blog.sierranortedeguadalajara.com\/?p=16044\" class=\"more-link\">Seguir leyendo<span class=\"screen-reader-text\"> \u00abEl molino de La Vereda\u00bb<\/span><\/a><\/p>\n","protected":false},"author":1,"featured_media":0,"comment_status":"open","ping_status":"open","sticky":false,"template":"","format":"standard","meta":{"footnotes":""},"categories":[12,6,17],"tags":[2,76,4,26,5,7,10,19],"class_list":["post-16044","post","type-post","status-publish","format-standard","hentry","category-actualidad","category-mundo-rural","category-paisajes-y-lugares-de-la-sierra-norte","tag-actualidad","tag-arquitectura-negra","tag-cultura","tag-el-vado","tag-historia","tag-naturaleza","tag-sierra-norte","tag-siglo-xx","entry"],"_links":{"self":[{"href":"https:\/\/blog.sierranortedeguadalajara.com\/index.php?rest_route=\/wp\/v2\/posts\/16044","targetHints":{"allow":["GET"]}}],"collection":[{"href":"https:\/\/blog.sierranortedeguadalajara.com\/index.php?rest_route=\/wp\/v2\/posts"}],"about":[{"href":"https:\/\/blog.sierranortedeguadalajara.com\/index.php?rest_route=\/wp\/v2\/types\/post"}],"author":[{"embeddable":true,"href":"https:\/\/blog.sierranortedeguadalajara.com\/index.php?rest_route=\/wp\/v2\/users\/1"}],"replies":[{"embeddable":true,"href":"https:\/\/blog.sierranortedeguadalajara.com\/index.php?rest_route=%2Fwp%2Fv2%2Fcomments&post=16044"}],"version-history":[{"count":1,"href":"https:\/\/blog.sierranortedeguadalajara.com\/index.php?rest_route=\/wp\/v2\/posts\/16044\/revisions"}],"predecessor-version":[{"id":27899,"href":"https:\/\/blog.sierranortedeguadalajara.com\/index.php?rest_route=\/wp\/v2\/posts\/16044\/revisions\/27899"}],"wp:attachment":[{"href":"https:\/\/blog.sierranortedeguadalajara.com\/index.php?rest_route=%2Fwp%2Fv2%2Fmedia&parent=16044"}],"wp:term":[{"taxonomy":"category","embeddable":true,"href":"https:\/\/blog.sierranortedeguadalajara.com\/index.php?rest_route=%2Fwp%2Fv2%2Fcategories&post=16044"},{"taxonomy":"post_tag","embeddable":true,"href":"https:\/\/blog.sierranortedeguadalajara.com\/index.php?rest_route=%2Fwp%2Fv2%2Ftags&post=16044"}],"curies":[{"name":"wp","href":"https:\/\/api.w.org\/{rel}","templated":true}]}}