{"id":16039,"date":"2015-08-06T00:05:06","date_gmt":"2015-08-05T22:05:06","guid":{"rendered":"http:\/\/blog.laveredadepuebla.com\/?p=16039"},"modified":"2023-02-10T12:17:50","modified_gmt":"2023-02-10T12:17:50","slug":"plan-de-ordenacion-del-alto-jarama-ii","status":"publish","type":"post","link":"https:\/\/blog.sierranortedeguadalajara.com\/?p=16039","title":{"rendered":"Plan de ordenaci\u00f3n del Alto Jarama II"},"content":{"rendered":"<p>Del<a href=\"http:\/\/blog.laveredadepuebla.com\/2015\/08\/03\/plan-de-ordenacion-del-alto-jarama\/\"> <em><strong>trabajo<\/strong><\/em> <\/a>del ingeniero <a href=\"http:\/\/dialnet.unirioja.es\/servlet\/autor?codigo=1642470\"><strong><em>Jos\u00e9 Mar\u00eda Mel\u00e9ndez<\/em><\/strong><\/a>, transcribimos un <a href=\"http:\/\/www.guiadelacalidad.com\/modelo-efqm\/analisis-dafo\"><strong><em>an\u00e1lisis DAFO<\/em> <\/strong><\/a><em>(Debilidades, Amenazas, Fortalezas y Oportunidades)<\/em> de las infraestructuras de la <a href=\"http:\/\/blog.laveredadepuebla.com\/2014\/07\/25\/el-curso-alto-del-jarama\/\"><em><strong>zona del Alto Jarama<\/strong><\/em><\/a>, objeto de estudio. <a href=\"https:\/\/laveredadepuebla.files.wordpress.com\/2015\/07\/150806-plan-aj-ii-dafo-1.jpg\"><img loading=\"lazy\" decoding=\"async\" class=\"aligncenter size-large wp-image-16041\" src=\"https:\/\/blog.sierranortedeguadalajara.com\/wp-content\/uploads\/2023\/02\/150806-plan-aj-ii-dafo-1.jpg\" alt=\"150806 Plan AJ II Dafo 1\" width=\"500\" height=\"550\" \/><\/a><\/p>\n<p>La problem\u00e1tica de la comarca quedar\u00e1 completada con los <strong>an\u00e1lisis DAFO del Medio F\u00edsico y del Medio Humano<\/strong>,\u00a0 que publicaremos en breve.<\/p>\n<p><em><strong>Lar-ami<\/strong><\/em><\/p>\n","protected":false},"excerpt":{"rendered":"<p>Del trabajo del ingeniero Jos\u00e9 Mar\u00eda Mel\u00e9ndez, transcribimos un an\u00e1lisis DAFO (Debilidades, Amenazas, Fortalezas y Oportunidades) de las infraestructuras de la zona del Alto Jarama, objeto de estudio. La problem\u00e1tica de la comarca quedar\u00e1 completada con los an\u00e1lisis DAFO del Medio F\u00edsico y del Medio Humano,\u00a0 que publicaremos en breve. Lar-ami<\/p>\n","protected":false},"author":1,"featured_media":0,"comment_status":"open","ping_status":"open","sticky":false,"template":"","format":"standard","meta":{"footnotes":""},"categories":[12,6],"tags":[2,4,35,7,10],"class_list":["post-16039","post","type-post","status-publish","format-standard","hentry","category-actualidad","category-mundo-rural","tag-actualidad","tag-cultura","tag-jarama","tag-naturaleza","tag-sierra-norte","entry"],"_links":{"self":[{"href":"https:\/\/blog.sierranortedeguadalajara.com\/index.php?rest_route=\/wp\/v2\/posts\/16039","targetHints":{"allow":["GET"]}}],"collection":[{"href":"https:\/\/blog.sierranortedeguadalajara.com\/index.php?rest_route=\/wp\/v2\/posts"}],"about":[{"href":"https:\/\/blog.sierranortedeguadalajara.com\/index.php?rest_route=\/wp\/v2\/types\/post"}],"author":[{"embeddable":true,"href":"https:\/\/blog.sierranortedeguadalajara.com\/index.php?rest_route=\/wp\/v2\/users\/1"}],"replies":[{"embeddable":true,"href":"https:\/\/blog.sierranortedeguadalajara.com\/index.php?rest_route=%2Fwp%2Fv2%2Fcomments&post=16039"}],"version-history":[{"count":1,"href":"https:\/\/blog.sierranortedeguadalajara.com\/index.php?rest_route=\/wp\/v2\/posts\/16039\/revisions"}],"predecessor-version":[{"id":27901,"href":"https:\/\/blog.sierranortedeguadalajara.com\/index.php?rest_route=\/wp\/v2\/posts\/16039\/revisions\/27901"}],"wp:attachment":[{"href":"https:\/\/blog.sierranortedeguadalajara.com\/index.php?rest_route=%2Fwp%2Fv2%2Fmedia&parent=16039"}],"wp:term":[{"taxonomy":"category","embeddable":true,"href":"https:\/\/blog.sierranortedeguadalajara.com\/index.php?rest_route=%2Fwp%2Fv2%2Fcategories&post=16039"},{"taxonomy":"post_tag","embeddable":true,"href":"https:\/\/blog.sierranortedeguadalajara.com\/index.php?rest_route=%2Fwp%2Fv2%2Ftags&post=16039"}],"curies":[{"name":"wp","href":"https:\/\/api.w.org\/{rel}","templated":true}]}}