{"id":16029,"date":"2015-08-03T00:05:16","date_gmt":"2015-08-02T22:05:16","guid":{"rendered":"http:\/\/blog.laveredadepuebla.com\/?p=16029"},"modified":"2023-02-10T12:17:52","modified_gmt":"2023-02-10T12:17:52","slug":"plan-de-ordenacion-del-alto-jarama","status":"publish","type":"post","link":"https:\/\/blog.sierranortedeguadalajara.com\/?p=16029","title":{"rendered":"Plan de ordenaci\u00f3n del Alto Jarama"},"content":{"rendered":"<p><span style=\"color:#ff0000;\"><em><strong><a href=\"https:\/\/laveredadepuebla.files.wordpress.com\/2015\/07\/150803-plan-ordenacion-ajarama-1.jpg\"><img loading=\"lazy\" decoding=\"async\" class=\"alignright size-medium wp-image-16031\" src=\"https:\/\/blog.sierranortedeguadalajara.com\/wp-content\/uploads\/2023\/02\/150803-plan-ordenacion-ajarama-1.jpg\" alt=\"150803 Plan ordenacion AJarama 1\" width=\"212\" height=\"300\" \/><\/a>\u00a1No hay nada como tener buenos amigos!<\/strong> <\/em><\/span><a href=\"http:\/\/dialnet.unirioja.es\/servlet\/autor?codigo=1642470\"><em><strong>Jos\u00e9 Mar\u00eda Mel\u00e9ndez<\/strong><\/em><\/a>, ingeniero forestal, <em>hijo de<\/em><a href=\"http:\/\/www.laveredadepuebla.com\/rutasypueblos\/retiendas.pdf\"><em><strong> Retiendas<\/strong> <\/em><\/a>y autor de <a href=\"http:\/\/blog.laveredadepuebla.com\/2011\/10\/14\/botanica-de-bonaval\/\"><em><strong>varios estudios<\/strong><\/em><\/a> sobre la<a href=\"http:\/\/blog.laveredadepuebla.com\/2011\/04\/01\/parque-natural-sierra-norte-de-guadalajara\/\"><em><strong> Sierra Norte<\/strong><\/em><\/a>, nos ha hecho llegar un borrador de su <strong>\u201cPlan de ordenaci\u00f3n del Alto Jarama\u201d. <\/strong>Se articula en torno a los municipios de <em><strong><a href=\"http:\/\/www.laveredadepuebla.com\/rutasypueblos\/Valdesotos.pdf\">Valdesotos,<\/a> Retiendas, <a href=\"http:\/\/www.pueblosarquitecturanegra.es\/\">Campillo de Ranas,<\/a> <a href=\"http:\/\/blog.laveredadepuebla.com\/2011\/11\/25\/esos-pueblos-negros\/\">Majaelrayo <\/a>y <a href=\"http:\/\/blog.laveredadepuebla.com\/2014\/10\/14\/el-cardoso-de-la-sierra\/\">el Cardoso de la Sierra<\/a><\/strong><\/em> y con un horizonte de 10 a\u00f1os para su implantaci\u00f3n.<\/p>\n<p>Dos objetivos: <span style=\"color:#800000;\"><strong>asegurar la supervivencia de los pueblos habitados y colonizar los deshabitados, adem\u00e1s de incrementar y mantener los valores ambientales, <\/strong><\/span>el principal activo de la zona. Para ellos es imprescindible:<\/p>\n<ul>\n<li>Dotar de equipamientos e infraestructuras b\u00e1sicas para fijar la poblaci\u00f3n actual e incorporar nuevos vecinos.<\/li>\n<li>Potenciar la actividad en el sector primario: aprovechamientos forestales y ganader\u00eda extensiva<\/li>\n<li>Buscar nuevos yacimientos de empleo y generaci\u00f3n de riqueza en el sector servicios: turismo, artesan\u00eda y ocio.<\/li>\n<\/ul>\n<p><a href=\"https:\/\/laveredadepuebla.files.wordpress.com\/2015\/07\/150803-plan-ordenacion-ajarama-2.jpg\"><img loading=\"lazy\" decoding=\"async\" class=\"alignleft size-medium wp-image-16032\" src=\"https:\/\/blog.sierranortedeguadalajara.com\/wp-content\/uploads\/2023\/02\/150803-plan-ordenacion-ajarama-2.jpg\" alt=\"150803 Plan ordenacion AJarama 2\" width=\"247\" height=\"300\" \/><\/a>Realiza un an\u00e1lisis detallado del medio natural <em>(clima, Geolog\u00eda, Hidrolog\u00eda, Suelos, vegetaci\u00f3n, Fauna, v\u00edas pecuarias y paisajes)<\/em> y del medio humano <em>(demograf\u00eda, n\u00facleos de poblaci\u00f3n, infraestructuras y servicios)<\/em>. An\u00e1lisis de <strong>D<\/strong>ebilidades,<strong> A<\/strong>menazas, <strong>F<\/strong>ortalezas y <strong>O<\/strong>portunidades <a href=\"http:\/\/www.guiadelacalidad.com\/modelo-efqm\/analisis-dafo\"><em><strong>(an\u00e1lisis DAFO)<\/strong><\/em><\/a> de infraestructuras, medio f\u00edsico y medio humano resumen la situaci\u00f3n actual de la zona.<\/p>\n<p>Aunque sea un borrador, por su importancia <em>(y por sus aportaciones a la comunidad rural)<\/em>, los publicaremos en pr\u00f3ximas entregas. Tal cual lo hace el autor.<\/p>\n<p><em><strong>Lar-ami<\/strong><\/em><\/p>\n","protected":false},"excerpt":{"rendered":"<p>\u00a1No hay nada como tener buenos amigos! Jos\u00e9 Mar\u00eda Mel\u00e9ndez, ingeniero forestal, hijo de Retiendas y autor de varios estudios sobre la Sierra Norte, nos ha hecho llegar un borrador de su \u201cPlan de ordenaci\u00f3n del Alto Jarama\u201d. Se articula en torno a los municipios de Valdesotos, Retiendas, Campillo de Ranas, Majaelrayo y el Cardoso &hellip; <\/p>\n<p class=\"link-more\"><a href=\"https:\/\/blog.sierranortedeguadalajara.com\/?p=16029\" class=\"more-link\">Seguir leyendo<span class=\"screen-reader-text\"> \u00abPlan de ordenaci\u00f3n del Alto Jarama\u00bb<\/span><\/a><\/p>\n","protected":false},"author":1,"featured_media":0,"comment_status":"open","ping_status":"open","sticky":false,"template":"","format":"standard","meta":{"footnotes":""},"categories":[12,6],"tags":[2,76,4,127,7,34,10,27],"class_list":["post-16029","post","type-post","status-publish","format-standard","hentry","category-actualidad","category-mundo-rural","tag-actualidad","tag-arquitectura-negra","tag-cultura","tag-hijos-del-pueblo","tag-naturaleza","tag-retiendas","tag-sierra-norte","tag-valdesotos","entry"],"_links":{"self":[{"href":"https:\/\/blog.sierranortedeguadalajara.com\/index.php?rest_route=\/wp\/v2\/posts\/16029","targetHints":{"allow":["GET"]}}],"collection":[{"href":"https:\/\/blog.sierranortedeguadalajara.com\/index.php?rest_route=\/wp\/v2\/posts"}],"about":[{"href":"https:\/\/blog.sierranortedeguadalajara.com\/index.php?rest_route=\/wp\/v2\/types\/post"}],"author":[{"embeddable":true,"href":"https:\/\/blog.sierranortedeguadalajara.com\/index.php?rest_route=\/wp\/v2\/users\/1"}],"replies":[{"embeddable":true,"href":"https:\/\/blog.sierranortedeguadalajara.com\/index.php?rest_route=%2Fwp%2Fv2%2Fcomments&post=16029"}],"version-history":[{"count":1,"href":"https:\/\/blog.sierranortedeguadalajara.com\/index.php?rest_route=\/wp\/v2\/posts\/16029\/revisions"}],"predecessor-version":[{"id":27911,"href":"https:\/\/blog.sierranortedeguadalajara.com\/index.php?rest_route=\/wp\/v2\/posts\/16029\/revisions\/27911"}],"wp:attachment":[{"href":"https:\/\/blog.sierranortedeguadalajara.com\/index.php?rest_route=%2Fwp%2Fv2%2Fmedia&parent=16029"}],"wp:term":[{"taxonomy":"category","embeddable":true,"href":"https:\/\/blog.sierranortedeguadalajara.com\/index.php?rest_route=%2Fwp%2Fv2%2Fcategories&post=16029"},{"taxonomy":"post_tag","embeddable":true,"href":"https:\/\/blog.sierranortedeguadalajara.com\/index.php?rest_route=%2Fwp%2Fv2%2Ftags&post=16029"}],"curies":[{"name":"wp","href":"https:\/\/api.w.org\/{rel}","templated":true}]}}